{"id":18381,"date":"2022-03-22T17:17:19","date_gmt":"2022-03-22T13:17:19","guid":{"rendered":"https:\/\/infonews.az\/?p=18381"},"modified":"2022-03-22T17:17:19","modified_gmt":"2022-03-22T13:17:19","slug":"zelenski-moskvaya-daha-cox-t%c9%99zyiq-gost%c9%99rilm%c9%99lidir","status":"publish","type":"post","link":"https:\/\/infonews.az\/?p=18381","title":{"rendered":"Zelenski: \u201cMoskvaya daha \u00e7ox t\u0259zyiq g\u00f6st\u0259rilm\u0259lidir\u201d"},"content":{"rendered":"<p><span style=\"color: #ffffff\">Zelenski: \u201cMoskvaya daha \u00e7ox t\u0259zyiq g\u00f6st\u0259rilm\u0259lidir\u201d<\/span><\/p>\n<p>\u201c\u0130taliya rusiyal\u0131 cinay\u0259tkarlar \u00fc\u00e7\u00fcn kurort zona olmamal\u0131d\u0131r\u201d.<\/p>\n<p><a href=\"https:\/\/infonews.az\">\u0130NFONEWS<\/a> UN\u0130AN-a istinad\u0259n x\u0259b\u0259r verir ki, bunu Ukrayna Prezidenti Volodimir Zelenski \u0130taliya parlamentind\u0259ki \u00e7\u0131x\u0131\u015f\u0131 zaman\u0131 deyib.<\/p>\n<p>\u201cS\u00fclh\u00fc t\u0259min etm\u0259k \u00fc\u00e7\u00fcn m\u00fcmk\u00fcn olan h\u0259r \u015feyi etm\u0259k vaxt\u0131d\u0131r. Bu, Rusiyan\u0131n \u00e7oxdan haz\u0131rlad\u0131\u011f\u0131 m\u00fcharib\u0259dir. Bu sava\u015f Kreml\u0259 Avropan\u0131n siyas\u0259tin\u0259, avropal\u0131lar\u0131n h\u0259yat\u0131na t\u0259sir etm\u0259k \u00fc\u00e7\u00fcnd\u00fcr. H\u00fccum \u0259m\u0259liyyatlar\u0131n\u0131n 27 g\u00fcnd\u00fcr, dem\u0259k olar, 1 ayd\u0131r dayanm\u0131r. Ona g\u00f6r\u0259 d\u0259 daha \u00e7ox sanksiyalara ehtiyac var. Moskvaya daha \u00e7ox t\u0259zyiq g\u00f6st\u0259rilm\u0259lidir ki, o, Liviyada v\u0259 ya Suriyada muzdlu d\u00f6y\u00fc\u015f\u00e7\u00fc axtarmas\u0131n\u201d, &#8211; o bildirib.<\/p>\n<p>V.Zelenski, h\u0259m\u00e7inin \u0259lav\u0259 edib ki, Kreml\u0259 qar\u015f\u0131 sanksiyalarda hans\u0131sa istisna olmamal\u0131d\u0131r.<\/p>\n<p><strong>\u018fziz\u0259 \u018fliyeva<\/strong><\/p>\n<p><strong>\u00a9 Materiallardan istifad\u0259 ed\u0259rk\u0259n hiperlinkl\u0259 istinad olunmal\u0131d\u0131r<\/strong><\/p>\n","protected":false},"excerpt":{"rendered":"<p>Zelenski: \u201cMoskvaya daha \u00e7ox t\u0259zyiq g\u00f6st\u0259rilm\u0259lidir\u201d \u201c\u0130taliya rusiyal\u0131 cinay\u0259tkarlar \u00fc\u00e7\u00fcn kurort zona olmamal\u0131d\u0131r\u201d. \u0130NFONEWS UN\u0130AN-a istinad\u0259n x\u0259b\u0259r verir ki, bunu Ukrayna Prezidenti Volodimir Zelenski \u0130taliya parlamentind\u0259ki \u00e7\u0131x\u0131\u015f\u0131 zaman\u0131 deyib. \u201cS\u00fclh\u00fc&hellip; <\/p>\n","protected":false},"author":14,"featured_media":18382,"comment_status":"open","ping_status":"open","sticky":false,"template":"","format":"standard","meta":{"_mi_skip_tracking":false,"_monsterinsights_sitenote_active":false,"_monsterinsights_sitenote_note":"","_monsterinsights_sitenote_category":0,"footnotes":""},"categories":[9],"tags":[1011,143,6400],"aioseo_notices":[],"_links":{"self":[{"href":"https:\/\/infonews.az\/index.php?rest_route=\/wp\/v2\/posts\/18381"}],"collection":[{"href":"https:\/\/infonews.az\/index.php?rest_route=\/wp\/v2\/posts"}],"about":[{"href":"https:\/\/infonews.az\/index.php?rest_route=\/wp\/v2\/types\/post"}],"author":[{"embeddable":true,"href":"https:\/\/infonews.az\/index.php?rest_route=\/wp\/v2\/users\/14"}],"replies":[{"embeddable":true,"href":"https:\/\/infonews.az\/index.php?rest_route=%2Fwp%2Fv2%2Fcomments&post=18381"}],"version-history":[{"count":1,"href":"https:\/\/infonews.az\/index.php?rest_route=\/wp\/v2\/posts\/18381\/revisions"}],"predecessor-version":[{"id":18383,"href":"https:\/\/infonews.az\/index.php?rest_route=\/wp\/v2\/posts\/18381\/revisions\/18383"}],"wp:featuredmedia":[{"embeddable":true,"href":"https:\/\/infonews.az\/index.php?rest_route=\/wp\/v2\/media\/18382"}],"wp:attachment":[{"href":"https:\/\/infonews.az\/index.php?rest_route=%2Fwp%2Fv2%2Fmedia&parent=18381"}],"wp:term":[{"taxonomy":"category","embeddable":true,"href":"https:\/\/infonews.az\/index.php?rest_route=%2Fwp%2Fv2%2Fcategories&post=18381"},{"taxonomy":"post_tag","embeddable":true,"href":"https:\/\/infonews.az\/index.php?rest_route=%2Fwp%2Fv2%2Ftags&post=18381"}],"curies":[{"name":"wp","href":"https:\/\/api.w.org\/{rel}","templated":true}]}}