{"id":18484,"date":"2022-03-22T22:13:27","date_gmt":"2022-03-22T18:13:27","guid":{"rendered":"https:\/\/infonews.az\/?p=18484"},"modified":"2022-03-22T22:13:27","modified_gmt":"2022-03-22T18:13:27","slug":"abs-ai-nin-rusiyadan-enerji-asililigini-azaltmaq-ucun-istehsalci-olk%c9%99l%c9%99rl%c9%99-muzakir%c9%99l%c9%99r-aparir","status":"publish","type":"post","link":"https:\/\/infonews.az\/?p=18484","title":{"rendered":"AB\u015e A\u0130-nin Rusiyadan enerji as\u0131l\u0131l\u0131\u011f\u0131n\u0131 azaltmaq \u00fc\u00e7\u00fcn istehsal\u00e7\u0131 \u00f6lk\u0259l\u0259rl\u0259 m\u00fczakir\u0259l\u0259r apar\u0131r"},"content":{"rendered":"<p class=\"title_news mb-site\"><span style=\"color: #ffffff\">AB\u015e A\u0130-nin Rusiyadan enerji as\u0131l\u0131l\u0131\u011f\u0131n\u0131 azaltmaq \u00fc\u00e7\u00fcn istehsal\u00e7\u0131 \u00f6lk\u0259l\u0259rl\u0259 m\u00fczakir\u0259l\u0259r apar\u0131r<\/span><\/p>\n<p>\u201cAB\u015e Avropa \u0130ttifaq\u0131n\u0131n (A\u0130) Rusiyadan enerji as\u0131l\u0131l\u0131\u011f\u0131n\u0131n azald\u0131lmas\u0131 istiqam\u0259tind\u0259 neft v\u0259 qaz istehsal\u00e7\u0131s\u0131 \u00f6lk\u0259l\u0259ri il\u0259 m\u00fczakir\u0259l\u0259ri davam etdirir\u201d.<\/p>\n<p><a href=\"https:\/\/infonews.az\">&#8220;\u0130NFONEWS&#8221;<\/a>\u00a0 &#8220;APA&#8221;-ya istinad\u0259n x\u0259b\u0259r verir ki, Bunu AB\u015e-\u0131n enerji naziri Cennifer Qrenholm Fransaya s\u0259f\u0259rind\u0259n \u00f6nc\u0259 audioformatda ke\u00e7irdiyi brifinqd\u0259 APA-n\u0131n m\u00fcxbirinin sual\u0131na cavab\u0131nda deyib.<\/p>\n<p>O, bildirib ki, AB\u015e Avropa enerji bazar\u0131na t\u0259dar\u00fck\u00fcn art\u0131r\u0131lmas\u0131 v\u0259 s\u0259m\u0259r\u0259lilik t\u0259dbirl\u0259ri il\u0259 ba\u011fl\u0131 ittifaqla, el\u0259c\u0259 d\u0259 istehsal\u00e7\u0131 \u00f6lk\u0259l\u0259rl\u0259 i\u015fl\u0259yir.<\/p>\n<p>\u201cAB\u015e-\u0131n istehsal\u00e7\u0131 \u00f6lk\u0259l\u0259r\u0259 (t\u0259dar\u00fck\u00fcn art\u0131r\u0131lmas\u0131na \u2013 red.) nec\u0259 k\u00f6m\u0259k ed\u0259 bil\u0259c\u0259yi il\u0259 ba\u011fl\u0131 bir \u00e7ox m\u00fczakir\u0259l\u0259r apar\u0131l\u0131b. Bu m\u00fczakir\u0259l\u0259r t\u0259dar\u00fck\u00fcn art\u0131r\u0131lmas\u0131n\u0131n n\u0259z\u0259rd\u0259n ke\u00e7irilm\u0259si \u00fc\u00e7\u00fcn davam etdirilir. Qeyd etdiyim kimi, AB\u015e bu istiqam\u0259td\u0259 \u00f6z neft v\u0259 qaz istehsal\u00e7\u0131lar\u0131 il\u0259 f\u0259aliyy\u0259t g\u00f6st\u0259rir. Biz strateji neft ehtiyat\u0131m\u0131z\u0131n a\u00e7\u0131l\u0131\u015f\u0131n\u0131 Beyn\u0259lxalq Enerji Agentliyinin m\u00fc\u015fayi\u0259ti il\u0259 h\u0259yata ke\u00e7irmi\u015fik. Biz m\u00fcmk\u00fcn oldu\u011fu q\u0259d\u0259r h\u0259r bir mayel\u0259\u015fdirilmi\u015f t\u0259bii qaz molekulunu ixrac etmi\u015fik v\u0259 dig\u0259r istehsal\u00e7\u0131 \u00f6lk\u0259l\u0259rd\u0259n d\u0259 bunu ist\u0259mi\u015fik. Bir s\u00f6zl\u0259 biz A\u0130 il\u0259 harmonik \u015f\u0259kild\u0259 i\u015fl\u0259yirik v\u0259 h\u0259m t\u0259dar\u00fck\u00fcn, h\u0259m d\u0259 s\u0259m\u0259r\u0259lilik t\u0259dbirl\u0259rinin art\u0131r\u0131lmas\u0131 c\u0259hdl\u0259rini davam etdir\u0259c\u0259yik\u201d.<\/p>\n<p>Nazir vur\u011fulay\u0131b ki, A\u0130-nin enerji istifad\u0259sind\u0259 s\u0259m\u0259r\u0259liliyin art\u0131r\u0131lmas\u0131 v\u0259 t\u0259l\u0259bin azald\u0131lmas\u0131 m\u0259qs\u0259di il\u0259 10 madd\u0259d\u0259n ibar\u0259t plan t\u0259qdim edilib. T\u0259klif edil\u0259n t\u0259dbirl\u0259r\u0259 riay\u0259t edildiyi t\u0259qdird\u0259 Rusiyadan neft idxal\u0131n\u0131n yar\u0131ya q\u0259d\u0259r azalmas\u0131 m\u00fcmk\u00fcnd\u00fcr.<\/p>\n<p>\u201cH\u0259yata ke\u00e7iril\u0259c\u0259k t\u0259dbirl\u0259r neft\u0259 t\u0259l\u0259bat\u0131 g\u00fcnd\u0259lik 2,7 milyon barrel azalda bil\u0259r. Bu, \u00c7ind\u0259ki b\u00fct\u00fcn avtomobill\u0259rin yanaca\u011fa olan ehtiyac\u0131na b\u0259rab\u0259rdir. Neft\u0259 olan t\u0259l\u0259bat\u0131n b\u00f6y\u00fck hiss\u0259si n\u0259qliyyat sektorundan g\u0259lir. Plan\u0131m\u0131z az yanacaq istehlak etm\u0259kl\u0259 adamlar\u0131n v\u0259 mallar\u0131n A n\u00f6qt\u0259sind\u0259n B n\u00f6qt\u0259sin\u0259 \u00e7atd\u0131r\u0131lmas\u0131d\u0131r\u201d, &#8211; dey\u0259 nazir bildirib.<\/p>\n<p>Qrenholm vur\u011fulay\u0131b ki, A\u0130-d\u0259 yanaca\u011fa t\u0259labat\u0131n azald\u0131lmas\u0131 istiqam\u0259tind\u0259 q\u0131sam\u00fcdd\u0259tli t\u0259dbirl\u0259r kimi s\u00fcr\u0259t limitinin azald\u0131lmas\u0131, \u015f\u0259h\u0259r m\u0259rk\u0259zl\u0259rin\u0259 avtomobill\u0259rin giri\u015finin m\u0259hdudla\u015fd\u0131r\u0131lmas\u0131, daha ucuz ictimai n\u0259qliyyat, m\u00fcmk\u00fcn oldu\u011fu t\u0259qdird\u0259 evd\u0259n i\u015fl\u0259m\u0259k kimi t\u0259klifl\u0259r edilir. B\u00fct\u00fcn bu t\u0259\u015f\u0259bb\u00fcsl\u0259rin is\u0259 Avropaya yad olmad\u0131\u011f\u0131 bildirilib.<\/p>\n<p>Qeyd ed\u0259k C. Qrenholm Beyn\u0259lxalq Enerji Agentliyinin (BEA) iclas\u0131nda i\u015ftirak etm\u0259k m\u0259qs\u0259di il\u0259 Fransan\u0131n paytaxt\u0131 Paris\u0259 s\u0259f\u0259r ed\u0259c\u0259k. BEA \u00fczv\u00fc 31 \u00f6lk\u0259nin enerji nazirl\u0259rinin, el\u0259c\u0259 d\u0259 t\u0259r\u0259fda\u015f \u00f6lk\u0259l\u0259rin n\u00fcmay\u0259nd\u0259l\u0259rinin i\u015ftirak\u0131 il\u0259 ke\u00e7iril\u0259c\u0259k iclasa C. Qrenholm s\u0259drlik ed\u0259c\u0259k. \u0130clasda t\u0259miz enerjiy\u0259 ke\u00e7idin s\u00fcr\u0259tl\u0259ndirilm\u0259si, qlobal enerji t\u0259hl\u00fck\u0259sizliyinin art\u0131r\u0131lmas\u0131 kimi m\u0259s\u0259l\u0259l\u0259r\u0259 dair m\u00fczakir\u0259l\u0259r apar\u0131lacaq.<\/p>\n<p><strong>\u00a9 Materiallardan istifad\u0259 ed\u0259rk\u0259n hiperlinkl\u0259 istinad olunmal\u0131d\u0131r<\/strong><\/p>\n","protected":false},"excerpt":{"rendered":"<p>AB\u015e A\u0130-nin Rusiyadan enerji as\u0131l\u0131l\u0131\u011f\u0131n\u0131 azaltmaq \u00fc\u00e7\u00fcn istehsal\u00e7\u0131 \u00f6lk\u0259l\u0259rl\u0259 m\u00fczakir\u0259l\u0259r apar\u0131r \u201cAB\u015e Avropa \u0130ttifaq\u0131n\u0131n (A\u0130) Rusiyadan enerji as\u0131l\u0131l\u0131\u011f\u0131n\u0131n azald\u0131lmas\u0131 istiqam\u0259tind\u0259 neft v\u0259 qaz istehsal\u00e7\u0131s\u0131 \u00f6lk\u0259l\u0259ri il\u0259 m\u00fczakir\u0259l\u0259ri davam etdirir\u201d. &#8220;\u0130NFONEWS&#8221;\u00a0&hellip; <\/p>\n","protected":false},"author":14,"featured_media":18486,"comment_status":"open","ping_status":"open","sticky":false,"template":"","format":"standard","meta":{"_mi_skip_tracking":false,"_monsterinsights_sitenote_active":false,"_monsterinsights_sitenote_note":"","_monsterinsights_sitenote_category":0,"footnotes":""},"categories":[9,2],"tags":[],"aioseo_notices":[],"_links":{"self":[{"href":"https:\/\/infonews.az\/index.php?rest_route=\/wp\/v2\/posts\/18484"}],"collection":[{"href":"https:\/\/infonews.az\/index.php?rest_route=\/wp\/v2\/posts"}],"about":[{"href":"https:\/\/infonews.az\/index.php?rest_route=\/wp\/v2\/types\/post"}],"author":[{"embeddable":true,"href":"https:\/\/infonews.az\/index.php?rest_route=\/wp\/v2\/users\/14"}],"replies":[{"embeddable":true,"href":"https:\/\/infonews.az\/index.php?rest_route=%2Fwp%2Fv2%2Fcomments&post=18484"}],"version-history":[{"count":1,"href":"https:\/\/infonews.az\/index.php?rest_route=\/wp\/v2\/posts\/18484\/revisions"}],"predecessor-version":[{"id":18487,"href":"https:\/\/infonews.az\/index.php?rest_route=\/wp\/v2\/posts\/18484\/revisions\/18487"}],"wp:featuredmedia":[{"embeddable":true,"href":"https:\/\/infonews.az\/index.php?rest_route=\/wp\/v2\/media\/18486"}],"wp:attachment":[{"href":"https:\/\/infonews.az\/index.php?rest_route=%2Fwp%2Fv2%2Fmedia&parent=18484"}],"wp:term":[{"taxonomy":"category","embeddable":true,"href":"https:\/\/infonews.az\/index.php?rest_route=%2Fwp%2Fv2%2Fcategories&post=18484"},{"taxonomy":"post_tag","embeddable":true,"href":"https:\/\/infonews.az\/index.php?rest_route=%2Fwp%2Fv2%2Ftags&post=18484"}],"curies":[{"name":"wp","href":"https:\/\/api.w.org\/{rel}","templated":true}]}}