{"id":1859,"date":"2021-01-06T17:41:31","date_gmt":"2021-01-06T13:41:31","guid":{"rendered":"https:\/\/infonews.az\/?p=1859"},"modified":"2021-01-06T17:41:31","modified_gmt":"2021-01-06T13:41:31","slug":"ismayillida-koronavirus-x%c9%99st%c9%99si-ictimai-m%c9%99kanda-saxlanilib","status":"publish","type":"post","link":"https:\/\/infonews.az\/?p=1859","title":{"rendered":"\u0130smay\u0131ll\u0131da koronavirus x\u0259st\u0259si ictimai m\u0259kanda saxlan\u0131l\u0131b"},"content":{"rendered":"<p><strong>\u0130NFONEWS<\/strong> x\u0259b\u0259r verir ki, \u0130smay\u0131ll\u0131 Rayon Polis \u015e\u00f6b\u0259sinin \u0259m\u0259kda\u015flar\u0131 t\u0259r\u0259find\u0259n ke\u00e7iril\u0259n t\u0259dbir n\u0259tic\u0259sind\u0259 ev \u015f\u0259raitind\u0259 m\u00fcalic\u0259 alan koronavirus x\u0259st\u0259si, Diyall\u0131 k\u0259nd sakini Q.R\u0259hmanl\u0131n\u0131n infeksiyan\u0131n yay\u0131lmas\u0131na \u015f\u0259rait yaratd\u0131\u011f\u0131 m\u00fc\u0259yy\u0259n edilib.<\/p>\n<p>D\u0130N-in M\u0259tbuat Xidm\u0259tinin \u015e\u0259ki regional qrupundan Adalet.az-a\u00a0veril\u0259n m\u0259lumata g\u00f6r\u0259, COVID-19 virusuna yoluxdu\u011fu \u00fc\u00e7\u00fcn evd\u0259 m\u00fcalic\u0259y\u0259 c\u0259lb edilm\u0259sin\u0259, sanitar-karantin qaydalar\u0131 izah olunmas\u0131na baxmayaraq o, ya\u015fad\u0131\u011f\u0131 \u00fcnvan\u0131 t\u0259rk edib. H\u0259min \u015f\u0259xs ictimai m\u0259kanda h\u0259r\u0259k\u0259td\u0259 olark\u0259n polisl\u0259r t\u0259r\u0259find\u0259n saxlan\u0131l\u0131b v\u0259 tibbi prosedurlar da g\u00f6zl\u0259nilm\u0259kl\u0259 ya\u015fad\u0131\u011f\u0131 ev\u0259 qaytar\u0131l\u0131b.<\/p>\n<p>Q.R\u0259hmanl\u0131 bar\u0259sind\u0259 \u0130smay\u0131ll\u0131 Rayon Polis \u015e\u00f6b\u0259sind\u0259 cinay\u0259t i\u015fi ba\u015flan\u0131l\u0131b.<\/p>\n","protected":false},"excerpt":{"rendered":"<p>\u0130NFONEWS x\u0259b\u0259r verir ki, \u0130smay\u0131ll\u0131 Rayon Polis \u015e\u00f6b\u0259sinin \u0259m\u0259kda\u015flar\u0131 t\u0259r\u0259find\u0259n ke\u00e7iril\u0259n t\u0259dbir n\u0259tic\u0259sind\u0259 ev \u015f\u0259raitind\u0259 m\u00fcalic\u0259 alan koronavirus x\u0259st\u0259si, Diyall\u0131 k\u0259nd sakini Q.R\u0259hmanl\u0131n\u0131n infeksiyan\u0131n yay\u0131lmas\u0131na \u015f\u0259rait yaratd\u0131\u011f\u0131 m\u00fc\u0259yy\u0259n edilib. D\u0130N-in&hellip; <\/p>\n","protected":false},"author":3,"featured_media":1860,"comment_status":"open","ping_status":"open","sticky":false,"template":"","format":"standard","meta":{"_mi_skip_tracking":false,"_monsterinsights_sitenote_active":false,"_monsterinsights_sitenote_note":"","_monsterinsights_sitenote_category":0,"footnotes":""},"categories":[5,11],"tags":[135,86],"aioseo_notices":[],"_links":{"self":[{"href":"https:\/\/infonews.az\/index.php?rest_route=\/wp\/v2\/posts\/1859"}],"collection":[{"href":"https:\/\/infonews.az\/index.php?rest_route=\/wp\/v2\/posts"}],"about":[{"href":"https:\/\/infonews.az\/index.php?rest_route=\/wp\/v2\/types\/post"}],"author":[{"embeddable":true,"href":"https:\/\/infonews.az\/index.php?rest_route=\/wp\/v2\/users\/3"}],"replies":[{"embeddable":true,"href":"https:\/\/infonews.az\/index.php?rest_route=%2Fwp%2Fv2%2Fcomments&post=1859"}],"version-history":[{"count":1,"href":"https:\/\/infonews.az\/index.php?rest_route=\/wp\/v2\/posts\/1859\/revisions"}],"predecessor-version":[{"id":1861,"href":"https:\/\/infonews.az\/index.php?rest_route=\/wp\/v2\/posts\/1859\/revisions\/1861"}],"wp:featuredmedia":[{"embeddable":true,"href":"https:\/\/infonews.az\/index.php?rest_route=\/wp\/v2\/media\/1860"}],"wp:attachment":[{"href":"https:\/\/infonews.az\/index.php?rest_route=%2Fwp%2Fv2%2Fmedia&parent=1859"}],"wp:term":[{"taxonomy":"category","embeddable":true,"href":"https:\/\/infonews.az\/index.php?rest_route=%2Fwp%2Fv2%2Fcategories&post=1859"},{"taxonomy":"post_tag","embeddable":true,"href":"https:\/\/infonews.az\/index.php?rest_route=%2Fwp%2Fv2%2Ftags&post=1859"}],"curies":[{"name":"wp","href":"https:\/\/api.w.org\/{rel}","templated":true}]}}