{"id":1862,"date":"2021-01-06T17:46:49","date_gmt":"2021-01-06T13:46:49","guid":{"rendered":"https:\/\/infonews.az\/?p=1862"},"modified":"2021-01-06T17:46:49","modified_gmt":"2021-01-06T13:46:49","slug":"ilham-%c9%99liyev-sozumuzl%c9%99-%c9%99m%c9%99limiz-arasinda-hec-bir-f%c9%99rq-yoxdur","status":"publish","type":"post","link":"https:\/\/infonews.az\/?p=1862","title":{"rendered":"\u0130lham \u018fliyev: \u201cS\u00f6z\u00fcm\u00fczl\u0259 \u0259m\u0259limiz aras\u0131nda he\u00e7 bir f\u0259rq yoxdur\u201d"},"content":{"rendered":"<p><strong>\u0130NFONEWS<\/strong> x\u0259b\u0259r verir ki, Az\u0259rbaycan Respublikas\u0131n\u0131n Prezidenti \u0130lham \u018fliyev yanvar\u0131n 6-da 2020-ci ilin yekunlar\u0131na h\u0259sr olunmu\u015f videoformatda ke\u00e7iril\u0259n m\u00fc\u015favir\u0259d\u0259 \u00e7\u0131x\u0131\u015f\u0131 zaman\u0131: \u201c2020-ci ilin \u0259sas yekunu torpaqlar\u0131m\u0131z\u0131n i\u015f\u011faldan azad olunmas\u0131d\u0131r. Az\u0259rbaycan 44 g\u00fcn \u0259rzind\u0259 tarixi q\u0259l\u0259b\u0259 qazanaraq \u00f6z torpaqlar\u0131n\u0131 azad edib, d\u00fc\u015fm\u0259n\u0259 sars\u0131d\u0131c\u0131 z\u0259rb\u0259l\u0259r endirib v\u0259 Erm\u0259nistan\u0131 m\u0259\u011flub edib\u201d,- deyib.<\/p>\n<p>\u201cBizim \u015fanl\u0131 Q\u0259l\u0259b\u0259miz bizim g\u00fccl\u00fc irad\u0259mizi, xalq\u0131m\u0131z\u0131n g\u00fccl\u00fc \u0259zmini b\u00fct\u00fcn d\u00fcnyaya n\u00fcmayi\u015f etdirdi\u201d, &#8211; dey\u0259n Prezident \u0130lham \u018fliyev vur\u011fulay\u0131b ki, bizim s\u00f6z\u00fcm\u00fczl\u0259 \u0259m\u0259limiz aras\u0131nda he\u00e7 bir f\u0259rq yoxdur v\u0259 Az\u0259rbaycan siyasi, iqtisadi, h\u0259rbi g\u00fcc\u00fc say\u0259sind\u0259 qar\u015f\u0131da duran \u0259sas v\u0259zif\u0259ni \u015f\u0259r\u0259fl\u0259 yerin\u0259 yetirib.<\/p>\n","protected":false},"excerpt":{"rendered":"<p>\u0130NFONEWS x\u0259b\u0259r verir ki, Az\u0259rbaycan Respublikas\u0131n\u0131n Prezidenti \u0130lham \u018fliyev yanvar\u0131n 6-da 2020-ci ilin yekunlar\u0131na h\u0259sr olunmu\u015f videoformatda ke\u00e7iril\u0259n m\u00fc\u015favir\u0259d\u0259 \u00e7\u0131x\u0131\u015f\u0131 zaman\u0131: \u201c2020-ci ilin \u0259sas yekunu torpaqlar\u0131m\u0131z\u0131n i\u015f\u011faldan azad olunmas\u0131d\u0131r. Az\u0259rbaycan&hellip; <\/p>\n","protected":false},"author":3,"featured_media":1620,"comment_status":"open","ping_status":"open","sticky":false,"template":"","format":"standard","meta":{"_mi_skip_tracking":false,"_monsterinsights_sitenote_active":false,"_monsterinsights_sitenote_note":"","_monsterinsights_sitenote_category":0,"footnotes":""},"categories":[6,11],"tags":[356,20,358],"aioseo_notices":[],"_links":{"self":[{"href":"https:\/\/infonews.az\/index.php?rest_route=\/wp\/v2\/posts\/1862"}],"collection":[{"href":"https:\/\/infonews.az\/index.php?rest_route=\/wp\/v2\/posts"}],"about":[{"href":"https:\/\/infonews.az\/index.php?rest_route=\/wp\/v2\/types\/post"}],"author":[{"embeddable":true,"href":"https:\/\/infonews.az\/index.php?rest_route=\/wp\/v2\/users\/3"}],"replies":[{"embeddable":true,"href":"https:\/\/infonews.az\/index.php?rest_route=%2Fwp%2Fv2%2Fcomments&post=1862"}],"version-history":[{"count":1,"href":"https:\/\/infonews.az\/index.php?rest_route=\/wp\/v2\/posts\/1862\/revisions"}],"predecessor-version":[{"id":1863,"href":"https:\/\/infonews.az\/index.php?rest_route=\/wp\/v2\/posts\/1862\/revisions\/1863"}],"wp:featuredmedia":[{"embeddable":true,"href":"https:\/\/infonews.az\/index.php?rest_route=\/wp\/v2\/media\/1620"}],"wp:attachment":[{"href":"https:\/\/infonews.az\/index.php?rest_route=%2Fwp%2Fv2%2Fmedia&parent=1862"}],"wp:term":[{"taxonomy":"category","embeddable":true,"href":"https:\/\/infonews.az\/index.php?rest_route=%2Fwp%2Fv2%2Fcategories&post=1862"},{"taxonomy":"post_tag","embeddable":true,"href":"https:\/\/infonews.az\/index.php?rest_route=%2Fwp%2Fv2%2Ftags&post=1862"}],"curies":[{"name":"wp","href":"https:\/\/api.w.org\/{rel}","templated":true}]}}