{"id":18625,"date":"2022-03-23T21:40:14","date_gmt":"2022-03-23T17:40:14","guid":{"rendered":"https:\/\/infonews.az\/?p=18625"},"modified":"2022-03-23T21:40:14","modified_gmt":"2022-03-23T17:40:14","slug":"belarus-ukraynanin-brestd%c9%99ki-konsullugunu-baglayib","status":"publish","type":"post","link":"https:\/\/infonews.az\/?p=18625","title":{"rendered":"Belarus Ukraynan\u0131n Brestd\u0259ki konsullu\u011funu ba\u011flay\u0131b"},"content":{"rendered":"<p class=\"news-title\"><span style=\"color: #ffffff\">Belarus Ukraynan\u0131n Brestd\u0259ki konsullu\u011funu ba\u011flay\u0131b<\/span><\/p>\n<p>Belarus b\u0259zi ukraynal\u0131 diplomatlar\u0131 Minskd\u0259ki s\u0259firliyi t\u0259rk etm\u0259y\u0259 d\u0259v\u0259t edib v\u0259 Ukraynan\u0131n Brestd\u0259ki Ba\u015f Konsullu\u011funun ba\u011flanmas\u0131 bar\u0259d\u0259 q\u0259rar q\u0259bul edib.<\/p>\n<p><a href=\"https:\/\/infonews.az\">&#8220;\u0130NFONEWS&#8221;<\/a>\u00a0 TASS-a istinad\u0259n x\u0259b\u0259r verir ki, bu bar\u0259d\u0259 Belarus Xarici \u0130\u015fl\u0259r Nazirliyinin m\u0259tbuat katibi Anatoli Qlaz bildirib.<\/p>\n<p>Qlaz deyib ki, Ukrayna S\u0259firliyi Belarusda &#8220;1+4&#8221; format\u0131nda, y\u0259ni s\u0259fir v\u0259 d\u00f6rd i\u015f\u00e7i il\u0259 f\u0259aliyy\u0259tini davam etdir\u0259c\u0259k.<\/p>\n<p>&#8220;Biz Ukraynan\u0131n Belarusdak\u0131 S\u0259firliyinin v\u0259 Ba\u015f Konsullu\u011funun bir s\u0131ra \u0259m\u0259kda\u015flar\u0131n\u0131n diplomatik statusla bir araya s\u0131\u011fmayan f\u0259aliyy\u0259tind\u0259n x\u0259b\u0259rdar idik. Bu add\u0131m Ukraynan\u0131n xarici n\u00fcmay\u0259nd\u0259likl\u0259rinin bir s\u0131ra \u0259m\u0259kda\u015flar\u0131n\u0131n qeyri-diplomatik f\u0259aliyy\u0259tini dayand\u0131rmaq m\u0259qs\u0259di da\u015f\u0131y\u0131r. Onlardan 72 saat \u0259rzind\u0259 \u00f6lk\u0259ni t\u0259rk etm\u0259l\u0259ri t\u0259l\u0259b olunub&#8221;, &#8211; Qlaz qeyd edib.<\/p>\n<p><strong>\u00a9 Materiallardan istifad\u0259 ed\u0259rk\u0259n hiperlinkl\u0259 istinad olunmal\u0131d\u0131r<\/strong><\/p>\n","protected":false},"excerpt":{"rendered":"<p>Belarus Ukraynan\u0131n Brestd\u0259ki konsullu\u011funu ba\u011flay\u0131b Belarus b\u0259zi ukraynal\u0131 diplomatlar\u0131 Minskd\u0259ki s\u0259firliyi t\u0259rk etm\u0259y\u0259 d\u0259v\u0259t edib v\u0259 Ukraynan\u0131n Brestd\u0259ki Ba\u015f Konsullu\u011funun ba\u011flanmas\u0131 bar\u0259d\u0259 q\u0259rar q\u0259bul edib. &#8220;\u0130NFONEWS&#8221;\u00a0 TASS-a istinad\u0259n x\u0259b\u0259r verir&hellip; <\/p>\n","protected":false},"author":14,"featured_media":18626,"comment_status":"open","ping_status":"open","sticky":false,"template":"","format":"standard","meta":{"_mi_skip_tracking":false,"_monsterinsights_sitenote_active":false,"_monsterinsights_sitenote_note":"","_monsterinsights_sitenote_category":0,"footnotes":""},"categories":[9],"tags":[5258,6192,143,172],"aioseo_notices":[],"_links":{"self":[{"href":"https:\/\/infonews.az\/index.php?rest_route=\/wp\/v2\/posts\/18625"}],"collection":[{"href":"https:\/\/infonews.az\/index.php?rest_route=\/wp\/v2\/posts"}],"about":[{"href":"https:\/\/infonews.az\/index.php?rest_route=\/wp\/v2\/types\/post"}],"author":[{"embeddable":true,"href":"https:\/\/infonews.az\/index.php?rest_route=\/wp\/v2\/users\/14"}],"replies":[{"embeddable":true,"href":"https:\/\/infonews.az\/index.php?rest_route=%2Fwp%2Fv2%2Fcomments&post=18625"}],"version-history":[{"count":1,"href":"https:\/\/infonews.az\/index.php?rest_route=\/wp\/v2\/posts\/18625\/revisions"}],"predecessor-version":[{"id":18627,"href":"https:\/\/infonews.az\/index.php?rest_route=\/wp\/v2\/posts\/18625\/revisions\/18627"}],"wp:featuredmedia":[{"embeddable":true,"href":"https:\/\/infonews.az\/index.php?rest_route=\/wp\/v2\/media\/18626"}],"wp:attachment":[{"href":"https:\/\/infonews.az\/index.php?rest_route=%2Fwp%2Fv2%2Fmedia&parent=18625"}],"wp:term":[{"taxonomy":"category","embeddable":true,"href":"https:\/\/infonews.az\/index.php?rest_route=%2Fwp%2Fv2%2Fcategories&post=18625"},{"taxonomy":"post_tag","embeddable":true,"href":"https:\/\/infonews.az\/index.php?rest_route=%2Fwp%2Fv2%2Ftags&post=18625"}],"curies":[{"name":"wp","href":"https:\/\/api.w.org\/{rel}","templated":true}]}}