{"id":18702,"date":"2022-03-24T04:45:27","date_gmt":"2022-03-24T00:45:27","guid":{"rendered":"https:\/\/infonews.az\/?p=18702"},"modified":"2022-03-24T04:45:27","modified_gmt":"2022-03-24T00:45:27","slug":"bu-gun-ai-olk%c9%99l%c9%99rinin-liderl%c9%99ri-ukraynadaki-muharib%c9%99ni-muzakir%c9%99-ed%c9%99c%c9%99kl%c9%99r","status":"publish","type":"post","link":"https:\/\/infonews.az\/?p=18702","title":{"rendered":"Bu g\u00fcn A\u0130 \u00f6lk\u0259l\u0259rinin liderl\u0259ri Ukraynadak\u0131 m\u00fcharib\u0259ni m\u00fczakir\u0259 ed\u0259c\u0259kl\u0259r"},"content":{"rendered":"<p class=\"news-title\"><span style=\"color: #ffffff\">Bu g\u00fcn A\u0130 \u00f6lk\u0259l\u0259rinin liderl\u0259ri Ukraynadak\u0131 m\u00fcharib\u0259ni m\u00fczakir\u0259 ed\u0259c\u0259kl\u0259r<\/span><\/p>\n<p>Avropa \u0130ttifaq\u0131n\u0131n (A\u0130) d\u00f6vl\u0259t v\u0259 h\u00f6kum\u0259t ba\u015f\u00e7\u0131lar\u0131 bu g\u00fcn Br\u00fcsseld\u0259 planla\u015fd\u0131r\u0131lan ikig\u00fcnl\u00fck sammit\u0259 topla\u015facaqlar, onun g\u00fcnd\u0259liyi ilkin olaraq A\u0130 v\u0259 Avrozonan\u0131n cari probleml\u0259rind\u0259n ibar\u0259t idi. Lakin liderl\u0259rin g\u00f6r\u00fc\u015f\u00fc b\u00fct\u00fcnl\u00fckl\u0259 Ukraynadak\u0131 v\u0259ziyy\u0259t\u0259 v\u0259 Rusiyan\u0131n bu \u00f6lk\u0259d\u0259ki h\u0259rbi \u0259m\u0259liyyat\u0131na h\u0259sr olunacaq. \u00dcst\u0259lik, sammit i\u015ftirak\u00e7\u0131lar\u0131 Rusiyan\u0131n qaz t\u0259dar\u00fck\u00fc \u00fc\u00e7\u00fcn \u00f6d\u0259ni\u015fl\u0259rin rubla \u00e7evrilm\u0259si m\u0259s\u0259l\u0259sin\u0259 d\u0259 toxuna bil\u0259rl\u0259r.<\/p>\n<p>Bu bar\u0259d\u0259 <a href=\"https:\/\/infonews.az\">&#8220;\u0130NFONEWS&#8221;<\/a> xarici m\u0259tbuata istinad\u0259n x\u0259b\u0259r verir.<\/p>\n<p>Avropa \u0130ttifaq\u0131 \u015euras\u0131n\u0131n prezidenti \u015earl Mi\u015fel AB\u015e lideri Cozef Bayden v\u0259 Ukrayna Prezidenti Volodimir Zelenskini sammit\u0259 d\u0259v\u0259t edib. Ukrayna lideri videoba\u011flant\u0131 vasit\u0259sil\u0259 A\u0130 liderl\u0259rin\u0259 m\u00fcraci\u0259t ed\u0259c\u0259k.<\/p>\n<p>&#8220;M\u0259n Prezident Zelenskini Avropa \u015euras\u0131n\u0131n \u00fczvl\u0259ri qar\u015f\u0131s\u0131nda \u00e7\u0131x\u0131\u015f etm\u0259y\u0259 d\u0259v\u0259t etdim. A\u0130 Ukraynan\u0131n suverenliyini v\u0259 \u0259razi b\u00fct\u00f6vl\u00fcy\u00fcn\u00fc q\u0259tiyy\u0259tl\u0259 d\u0259st\u0259kl\u0259yir&#8221;, &#8211; Mi\u015fel bildirib.<\/p>\n<p>A\u0130-nin y\u00fcks\u0259k s\u0259viyy\u0259li n\u00fcmay\u0259nd\u0259sinin jurnalistl\u0259r\u0259 verdiyi m\u0259lumata g\u00f6r\u0259, Ukraynadak\u0131 v\u0259ziyy\u0259t liderl\u0259rin diqq\u0259t m\u0259rk\u0259zind\u0259 olacaq. \u201c\u018flb\u0259tt\u0259, Ukraynadak\u0131 v\u0259ziyy\u0259t sammitin \u0259sas m\u00f6vzusudur\u201d, &#8211; o vur\u011fulay\u0131b.<\/p>\n<p>Sammit i\u015ftirak\u00e7\u0131lar\u0131 x\u00fcsusil\u0259 Ukraynaya yard\u0131m, Rusiyaya qar\u015f\u0131 haz\u0131rk\u0131 sanksiyalar\u0131n icras\u0131 v\u0259 r\u0259smi Moskvaya qar\u015f\u0131 m\u00fcmk\u00fcn yeni t\u0259dbirl\u0259ri, h\u0259m\u00e7inin enerji m\u0259s\u0259l\u0259l\u0259rini m\u00fczakir\u0259 ed\u0259c\u0259kl\u0259r.<\/p>\n<p><strong>\u00a9 Materiallardan istifad\u0259 ed\u0259rk\u0259n hiperlinkl\u0259 istinad olunmal\u0131d\u0131r<\/strong><\/p>\n","protected":false},"excerpt":{"rendered":"<p>Bu g\u00fcn A\u0130 \u00f6lk\u0259l\u0259rinin liderl\u0259ri Ukraynadak\u0131 m\u00fcharib\u0259ni m\u00fczakir\u0259 ed\u0259c\u0259kl\u0259r Avropa \u0130ttifaq\u0131n\u0131n (A\u0130) d\u00f6vl\u0259t v\u0259 h\u00f6kum\u0259t ba\u015f\u00e7\u0131lar\u0131 bu g\u00fcn Br\u00fcsseld\u0259 planla\u015fd\u0131r\u0131lan ikig\u00fcnl\u00fck sammit\u0259 topla\u015facaqlar, onun g\u00fcnd\u0259liyi ilkin olaraq A\u0130 v\u0259 Avrozonan\u0131n&hellip; <\/p>\n","protected":false},"author":14,"featured_media":18703,"comment_status":"open","ping_status":"open","sticky":false,"template":"","format":"standard","meta":{"_mi_skip_tracking":false,"_monsterinsights_sitenote_active":false,"_monsterinsights_sitenote_note":"","_monsterinsights_sitenote_category":0,"footnotes":""},"categories":[9],"tags":[6216,407,143,172],"aioseo_notices":[],"_links":{"self":[{"href":"https:\/\/infonews.az\/index.php?rest_route=\/wp\/v2\/posts\/18702"}],"collection":[{"href":"https:\/\/infonews.az\/index.php?rest_route=\/wp\/v2\/posts"}],"about":[{"href":"https:\/\/infonews.az\/index.php?rest_route=\/wp\/v2\/types\/post"}],"author":[{"embeddable":true,"href":"https:\/\/infonews.az\/index.php?rest_route=\/wp\/v2\/users\/14"}],"replies":[{"embeddable":true,"href":"https:\/\/infonews.az\/index.php?rest_route=%2Fwp%2Fv2%2Fcomments&post=18702"}],"version-history":[{"count":1,"href":"https:\/\/infonews.az\/index.php?rest_route=\/wp\/v2\/posts\/18702\/revisions"}],"predecessor-version":[{"id":18704,"href":"https:\/\/infonews.az\/index.php?rest_route=\/wp\/v2\/posts\/18702\/revisions\/18704"}],"wp:featuredmedia":[{"embeddable":true,"href":"https:\/\/infonews.az\/index.php?rest_route=\/wp\/v2\/media\/18703"}],"wp:attachment":[{"href":"https:\/\/infonews.az\/index.php?rest_route=%2Fwp%2Fv2%2Fmedia&parent=18702"}],"wp:term":[{"taxonomy":"category","embeddable":true,"href":"https:\/\/infonews.az\/index.php?rest_route=%2Fwp%2Fv2%2Fcategories&post=18702"},{"taxonomy":"post_tag","embeddable":true,"href":"https:\/\/infonews.az\/index.php?rest_route=%2Fwp%2Fv2%2Ftags&post=18702"}],"curies":[{"name":"wp","href":"https:\/\/api.w.org\/{rel}","templated":true}]}}