{"id":18919,"date":"2022-03-26T11:34:42","date_gmt":"2022-03-26T07:34:42","guid":{"rendered":"https:\/\/infonews.az\/?p=18919"},"modified":"2022-03-26T14:49:14","modified_gmt":"2022-03-26T10:49:14","slug":"polsa-ai-y%c9%99-rusiyalilara-vizanin-dondurulmasini-t%c9%99klif-edib","status":"publish","type":"post","link":"https:\/\/infonews.az\/?p=18919","title":{"rendered":"Pol\u015fa A\u0130-y\u0259 rusiyal\u0131lara vizan\u0131n dondurulmas\u0131n\u0131 t\u0259klif edib"},"content":{"rendered":"<p><span style=\"color: #ffffff;\">Pol\u015fa A\u0130-y\u0259 rusiyal\u0131lara vizan\u0131n dondurulmas\u0131n\u0131 t\u0259klif edib<\/span><\/p>\n<blockquote><p>Pol\u015fan\u0131n Ba\u015f naziri Mateu\u015f Moravetski Avropa \u0130ttifaq\u0131na (A\u0130) Rusiyaya qar\u015f\u0131 sanksiyalar \u00e7\u0259r\u00e7iv\u0259sind\u0259 b\u00fct\u00fcn ruslara vizalar\u0131n verilm\u0259sini dayand\u0131rma\u011f\u0131 t\u0259klif edib.<\/p><\/blockquote>\n<p><a href=\"https:\/\/infonews.az\/\"><strong>\u201c\u0130NFONEWS\u201d<\/strong><\/a> TASS-a istinad\u0259n x\u0259b\u0259r verir ki, o, bu b\u0259yanatla A\u0130 sammiti zaman\u0131 \u00e7\u0131x\u0131\u015f edib.<\/p>\n<p>Bundan \u0259vv\u0259l xarici i\u015fl\u0259r naziri Eva-Mariya Liimet \u00f6lk\u0259 hakimiyy\u0259tinin Rusiya v\u0259t\u0259nda\u015flar\u0131na viza verilm\u0259sini m\u00fcv\u0259qq\u0259ti dayand\u0131rmaq q\u0259rar\u0131na g\u0259ldiyini bildirib.<\/p>\n<p>Rusiyan\u0131n A\u0130-d\u0259ki daimi n\u00fcmay\u0259nd\u0259si Vladimir \u00c7ijov bildirib ki, Rusiya v\u0259t\u0259nda\u015flar\u0131na turist vizalar\u0131n\u0131n verilm\u0259sin\u0259 qada\u011fa n\u0259z\u0259ri c\u0259h\u0259td\u0259n A\u0130-nin yeni sanksiyalar paketin\u0259 daxil edil\u0259 bil\u0259r, lakin bel\u0259 bir add\u0131m Avropa \u00f6lk\u0259l\u0259rinin iqtisadiyyat\u0131na z\u0259rb\u0259 vuracaq.<\/p>\n<p><strong>\u018fziz\u0259 \u018fliyeva<\/strong><\/p>\n<p><strong>\u00a9 Materiallardan istifad\u0259 ed\u0259rk\u0259n hiperlinkl\u0259 istinad olunmal\u0131d\u0131r<\/strong><\/p>\n<p><span style=\"color: #ff0000;\"><a style=\"color: #ff0000;\" href=\"https:\/\/infonews.az\/\"><strong>\u201c\u0130NFONEWS\u201d<\/strong><\/a><\/span><\/p>\n","protected":false},"excerpt":{"rendered":"<p>Pol\u015fa A\u0130-y\u0259 rusiyal\u0131lara vizan\u0131n dondurulmas\u0131n\u0131 t\u0259klif edib Pol\u015fan\u0131n Ba\u015f naziri Mateu\u015f Moravetski Avropa \u0130ttifaq\u0131na (A\u0130) Rusiyaya qar\u015f\u0131 sanksiyalar \u00e7\u0259r\u00e7iv\u0259sind\u0259 b\u00fct\u00fcn ruslara vizalar\u0131n verilm\u0259sini dayand\u0131rma\u011f\u0131 t\u0259klif edib. \u201c\u0130NFONEWS\u201d TASS-a istinad\u0259n x\u0259b\u0259r&hellip; <\/p>\n","protected":false},"author":3,"featured_media":18920,"comment_status":"open","ping_status":"open","sticky":false,"template":"","format":"standard","meta":{"_mi_skip_tracking":false,"_monsterinsights_sitenote_active":false,"_monsterinsights_sitenote_note":"","_monsterinsights_sitenote_category":0,"footnotes":""},"categories":[9,11],"tags":[6181,6560,399,143,5702],"aioseo_notices":[],"_links":{"self":[{"href":"https:\/\/infonews.az\/index.php?rest_route=\/wp\/v2\/posts\/18919"}],"collection":[{"href":"https:\/\/infonews.az\/index.php?rest_route=\/wp\/v2\/posts"}],"about":[{"href":"https:\/\/infonews.az\/index.php?rest_route=\/wp\/v2\/types\/post"}],"author":[{"embeddable":true,"href":"https:\/\/infonews.az\/index.php?rest_route=\/wp\/v2\/users\/3"}],"replies":[{"embeddable":true,"href":"https:\/\/infonews.az\/index.php?rest_route=%2Fwp%2Fv2%2Fcomments&post=18919"}],"version-history":[{"count":1,"href":"https:\/\/infonews.az\/index.php?rest_route=\/wp\/v2\/posts\/18919\/revisions"}],"predecessor-version":[{"id":18921,"href":"https:\/\/infonews.az\/index.php?rest_route=\/wp\/v2\/posts\/18919\/revisions\/18921"}],"wp:featuredmedia":[{"embeddable":true,"href":"https:\/\/infonews.az\/index.php?rest_route=\/wp\/v2\/media\/18920"}],"wp:attachment":[{"href":"https:\/\/infonews.az\/index.php?rest_route=%2Fwp%2Fv2%2Fmedia&parent=18919"}],"wp:term":[{"taxonomy":"category","embeddable":true,"href":"https:\/\/infonews.az\/index.php?rest_route=%2Fwp%2Fv2%2Fcategories&post=18919"},{"taxonomy":"post_tag","embeddable":true,"href":"https:\/\/infonews.az\/index.php?rest_route=%2Fwp%2Fv2%2Ftags&post=18919"}],"curies":[{"name":"wp","href":"https:\/\/api.w.org\/{rel}","templated":true}]}}