{"id":18980,"date":"2022-03-27T16:52:19","date_gmt":"2022-03-27T12:52:19","guid":{"rendered":"https:\/\/infonews.az\/?p=18980"},"modified":"2022-03-27T16:52:19","modified_gmt":"2022-03-27T12:52:19","slug":"xocali-rayonunun-f%c9%99rrux-k%c9%99ndi-az%c9%99rbaycanin-tam-n%c9%99zar%c9%99ti-altina-kecib","status":"publish","type":"post","link":"https:\/\/infonews.az\/?p=18980","title":{"rendered":"Xocal\u0131 rayonunun F\u0259rrux k\u0259ndi Az\u0259rbaycan\u0131n tam n\u0259zar\u0259ti alt\u0131na ke\u00e7ib\u00a0"},"content":{"rendered":"<p>\u201cPrezident \u0130lham \u018fliyevin r\u0259hb\u0259rliyi il\u0259 Az\u0259rbaycan Ordusu haz\u0131rda dislokasiya i\u015fl\u0259ri apararaq m\u00f6vqel\u0259rini m\u00f6hk\u0259ml\u0259dir. Bel\u0259likl\u0259, tarixi torpaqlar\u0131m\u0131zdan olan F\u0259rrux k\u0259ndi d\u0259 Az\u0259rbaycan\u0131n n\u0259zar\u0259ti alt\u0131na ke\u00e7ib\u201d.<\/p>\n<p>&nbsp;<\/p>\n<p>Bu bar\u0259d\u0259 <a href=\"http:\/\/\u0130NFONEWS\">\u0130NFONEWS<\/a> \u201cReport\u201da istinad\u0259n m\u0259lumat verir.<\/p>\n<p>M\u0259lumata \u0259sas\u0259n, \u201c44 g\u00fcnl\u00fck V\u0259t\u0259n m\u00fcharib\u0259sind\u0259 M\u00fcz\u0259ff\u0259r Ali Ba\u015f Komandan, Prezident c\u0259nab \u0130lham \u018fliyevin r\u0259hb\u0259rliyi il\u0259 r\u0259\u015fad\u0259tli Ordumuz tarixi q\u0259l\u0259b\u0259 qazanaraq 30 il m\u00fcdd\u0259tind\u0259 i\u015f\u011fala m\u0259ruz qalan torpaqlar\u0131m\u0131z\u0131 azad etdi v\u0259 \u0259razi b\u00fct\u00f6vl\u00fcy\u00fcm\u00fcz t\u0259min olundu. Eyni zamanda Erm\u0259nistan diz \u00e7\u00f6k\u0259r\u0259k, yalvararaq kapitulyasiya akt\u0131na imza atd\u0131 v\u0259 bel\u0259likl\u0259, 10 noyabr 2020-ci il tarixind\u0259 \u00fc\u00e7t\u0259r\u0259fli Rusiya, Az\u0259rbaycan Prezidentl\u0259ri v\u0259 Erm\u0259nistan Ba\u015f nazirinin imzas\u0131 il\u0259 t\u0259sdiq olunmu\u015f b\u0259yanat imzalan\u0131b. B\u0259yanata \u0259sas\u0259n, \u0259razil\u0259rimizin bir hiss\u0259sind\u0259, tarixi torpaqlar\u0131m\u0131zda Rusiya s\u00fclhm\u0259raml\u0131 kontingenti yerl\u0259\u015fdirildi\u201d, &#8211; deputat xat\u0131rlad\u0131b.<\/p>\n<p>Xocal\u0131 rayonunun F\u0259rrux k\u0259ndinin Az\u0259rbaycan\u0131n n\u0259zar\u0259ti alt\u0131na ke\u00e7m\u0259si n\u00f6vb\u0259ti tarixi q\u0259l\u0259b\u0259dir:<\/p>\n<p>\u201cBu torpaqlar Az\u0259rbaycan\u0131n \u0259z\u0259li \u0259razil\u0259ridir v\u0259 bundan sonra da b\u00fct\u00fcn o torpaqlar Az\u0259rbaycan\u0131n n\u0259zar\u0259ti alt\u0131nda olacaq. X\u00fcsusil\u0259 vur\u011fulamaq ist\u0259yir\u0259m ki, Az\u0259rbaycan Prezidentinin \u201cN\u0259yi, n\u0259 vaxt, nec\u0259 ed\u0259c\u0259yi\u201d s\u00f6zl\u0259ri indi \u00f6z yerini t\u0259sdiql\u0259mi\u015f olub. U\u011furlu diplomatik-siyasi yollarla art\u0131q F\u0259rrux k\u0259ndi d\u0259 Az\u0259rbaycan\u0131n tam n\u0259zar\u0259ti alt\u0131na ke\u00e7mi\u015f oldu\u201d.<\/p>\n<p>&nbsp;<\/p>\n<p>\u018fziz\u0259 \u018fliyeva<\/p>\n<p>&nbsp;<\/p>\n<p>\u00a9 Materiallardan istifad\u0259 ed\u0259rk\u0259n hiperlinkl\u0259 istinad olunmal\u0131d\u0131r<\/p>\n<p>&nbsp;<\/p>\n<p><a href=\"http:\/\/\u0130NFONEWS\">\u0130NFONEWS<\/a><\/p>\n","protected":false},"excerpt":{"rendered":"<p>\u201cPrezident \u0130lham \u018fliyevin r\u0259hb\u0259rliyi il\u0259 Az\u0259rbaycan Ordusu haz\u0131rda dislokasiya i\u015fl\u0259ri apararaq m\u00f6vqel\u0259rini m\u00f6hk\u0259ml\u0259dir. Bel\u0259likl\u0259, tarixi torpaqlar\u0131m\u0131zdan olan F\u0259rrux k\u0259ndi d\u0259 Az\u0259rbaycan\u0131n n\u0259zar\u0259ti alt\u0131na ke\u00e7ib\u201d. &nbsp; Bu bar\u0259d\u0259 \u0130NFONEWS \u201cReport\u201da istinad\u0259n&hellip; <\/p>\n","protected":false},"author":14,"featured_media":18981,"comment_status":"open","ping_status":"open","sticky":false,"template":"","format":"standard","meta":{"_mi_skip_tracking":false,"_monsterinsights_sitenote_active":false,"_monsterinsights_sitenote_note":"","_monsterinsights_sitenote_category":0,"footnotes":""},"categories":[11],"tags":[13,6513,6122],"aioseo_notices":[],"_links":{"self":[{"href":"https:\/\/infonews.az\/index.php?rest_route=\/wp\/v2\/posts\/18980"}],"collection":[{"href":"https:\/\/infonews.az\/index.php?rest_route=\/wp\/v2\/posts"}],"about":[{"href":"https:\/\/infonews.az\/index.php?rest_route=\/wp\/v2\/types\/post"}],"author":[{"embeddable":true,"href":"https:\/\/infonews.az\/index.php?rest_route=\/wp\/v2\/users\/14"}],"replies":[{"embeddable":true,"href":"https:\/\/infonews.az\/index.php?rest_route=%2Fwp%2Fv2%2Fcomments&post=18980"}],"version-history":[{"count":1,"href":"https:\/\/infonews.az\/index.php?rest_route=\/wp\/v2\/posts\/18980\/revisions"}],"predecessor-version":[{"id":18982,"href":"https:\/\/infonews.az\/index.php?rest_route=\/wp\/v2\/posts\/18980\/revisions\/18982"}],"wp:featuredmedia":[{"embeddable":true,"href":"https:\/\/infonews.az\/index.php?rest_route=\/wp\/v2\/media\/18981"}],"wp:attachment":[{"href":"https:\/\/infonews.az\/index.php?rest_route=%2Fwp%2Fv2%2Fmedia&parent=18980"}],"wp:term":[{"taxonomy":"category","embeddable":true,"href":"https:\/\/infonews.az\/index.php?rest_route=%2Fwp%2Fv2%2Fcategories&post=18980"},{"taxonomy":"post_tag","embeddable":true,"href":"https:\/\/infonews.az\/index.php?rest_route=%2Fwp%2Fv2%2Ftags&post=18980"}],"curies":[{"name":"wp","href":"https:\/\/api.w.org\/{rel}","templated":true}]}}