{"id":19075,"date":"2022-03-29T13:06:46","date_gmt":"2022-03-29T09:06:46","guid":{"rendered":"https:\/\/infonews.az\/?p=19075"},"modified":"2022-03-29T13:32:37","modified_gmt":"2022-03-29T09:32:37","slug":"iqtisad-universiteti-unec-i-tani-layih%c9%99sin%c9%99-start-verdi","status":"publish","type":"post","link":"https:\/\/infonews.az\/?p=19075","title":{"rendered":"\u0130qtisad Universiteti \u201cUNEC-i tan\u0131\u201d layih\u0259sin\u0259 start verdi"},"content":{"rendered":"<p><span style=\"color: #ffffff;\">\u0130qtisad Universiteti \u201cUNEC-i tan\u0131\u201d layih\u0259sin\u0259 start verdi<\/span><\/p>\n<blockquote><p><strong>Az\u0259rbaycan D\u00f6vl\u0259t \u0130qtisad Universitetind\u0259 (UNEC) \u201cUNEC-i tan\u0131\u201d layih\u0259sin\u0259 start verilib.<\/strong><\/p><\/blockquote>\n<p>UNEC-d\u0259n veril\u0259n m\u0259lumata g\u00f6r\u0259, universiteti abituriyentl\u0259r\u0259 daha yax\u0131ndan tan\u0131tmaq v\u0259 ixtisas se\u00e7imind\u0259 onlara d\u0259st\u0259k olmaq m\u0259qs\u0259dil\u0259 t\u0259\u015fkil olunan layih\u0259 \u00e7\u0259r\u00e7iv\u0259sind\u0259 t\u0259dris olunan ixtisaslar, fak\u00fclt\u0259l\u0259r, ke\u00e7id ballar\u0131, t\u0259hsil haqlar\u0131, beyn\u0259lxalq proqramlar v\u0259. s bar\u0259d\u0259 m\u0259lumat veril\u0259c\u0259k. Eyni zamanda, abituriyentl\u0259r\u0259 ixtisas se\u00e7imi, se\u00e7m\u0259k ist\u0259dikl\u0259ri ixtisas\u0131n \u00fcst\u00fcnl\u00fckl\u0259ri v\u0259 g\u0259l\u0259c\u0259k karyera imkanlar\u0131 istiqam\u0259tind\u0259 d\u0259st\u0259k g\u00f6st\u0259ril\u0259c\u0259k.<\/p>\n<p>Regionlarda ya\u015fayan v\u0259 UNEC-\u0259 g\u0259lm\u0259k imkan\u0131 olmayan abituriyentl\u0259r is\u0259 UNEC-in r\u0259smi feysbuk (https:\/\/www.facebook.com\/unecedu) s\u0259hif\u0259si, el\u0259c\u0259 d\u0259 012-492-60-43 n\u00f6mr\u0259si il\u0259 \u0259laq\u0259 saxlayaraq onlar\u0131 maraqland\u0131ran suallara cavab ala bil\u0259c\u0259kl\u0259r.<\/p>\n<p>Qeyd ed\u0259k ki, UNEC-\u0259 I, II, III, IV v\u0259 V ixtisas qruplar\u0131nda 22 ixtisas \u00fczr\u0259 bakalavr q\u0259bulu h\u0259yata ke\u00e7irilir.<\/p>\n<p><a href=\"https:\/\/infonews.az\/?p=19075\"><span style=\"color: #ff0000;\"><strong>&#8220;\u0130NFONEWS&#8221;\u00a0<\/strong><\/span><\/a><\/p>\n","protected":false},"excerpt":{"rendered":"<p>\u0130qtisad Universiteti \u201cUNEC-i tan\u0131\u201d layih\u0259sin\u0259 start verdi Az\u0259rbaycan D\u00f6vl\u0259t \u0130qtisad Universitetind\u0259 (UNEC) \u201cUNEC-i tan\u0131\u201d layih\u0259sin\u0259 start verilib. UNEC-d\u0259n veril\u0259n m\u0259lumata g\u00f6r\u0259, universiteti abituriyentl\u0259r\u0259 daha yax\u0131ndan tan\u0131tmaq v\u0259 ixtisas se\u00e7imind\u0259 onlara&hellip; <\/p>\n","protected":false},"author":14,"featured_media":19076,"comment_status":"open","ping_status":"open","sticky":false,"template":"","format":"standard","meta":{"_mi_skip_tracking":false,"_monsterinsights_sitenote_active":false,"_monsterinsights_sitenote_note":"","_monsterinsights_sitenote_category":0,"footnotes":""},"categories":[11,3],"tags":[6610,47,15,6609],"aioseo_notices":[],"_links":{"self":[{"href":"https:\/\/infonews.az\/index.php?rest_route=\/wp\/v2\/posts\/19075"}],"collection":[{"href":"https:\/\/infonews.az\/index.php?rest_route=\/wp\/v2\/posts"}],"about":[{"href":"https:\/\/infonews.az\/index.php?rest_route=\/wp\/v2\/types\/post"}],"author":[{"embeddable":true,"href":"https:\/\/infonews.az\/index.php?rest_route=\/wp\/v2\/users\/14"}],"replies":[{"embeddable":true,"href":"https:\/\/infonews.az\/index.php?rest_route=%2Fwp%2Fv2%2Fcomments&post=19075"}],"version-history":[{"count":1,"href":"https:\/\/infonews.az\/index.php?rest_route=\/wp\/v2\/posts\/19075\/revisions"}],"predecessor-version":[{"id":19077,"href":"https:\/\/infonews.az\/index.php?rest_route=\/wp\/v2\/posts\/19075\/revisions\/19077"}],"wp:featuredmedia":[{"embeddable":true,"href":"https:\/\/infonews.az\/index.php?rest_route=\/wp\/v2\/media\/19076"}],"wp:attachment":[{"href":"https:\/\/infonews.az\/index.php?rest_route=%2Fwp%2Fv2%2Fmedia&parent=19075"}],"wp:term":[{"taxonomy":"category","embeddable":true,"href":"https:\/\/infonews.az\/index.php?rest_route=%2Fwp%2Fv2%2Fcategories&post=19075"},{"taxonomy":"post_tag","embeddable":true,"href":"https:\/\/infonews.az\/index.php?rest_route=%2Fwp%2Fv2%2Ftags&post=19075"}],"curies":[{"name":"wp","href":"https:\/\/api.w.org\/{rel}","templated":true}]}}