{"id":19093,"date":"2022-03-29T13:26:13","date_gmt":"2022-03-29T09:26:13","guid":{"rendered":"https:\/\/infonews.az\/?p=19093"},"modified":"2022-03-29T16:59:34","modified_gmt":"2022-03-29T12:59:34","slug":"sahib%c9%99-qafarova-erm%c9%99nistan-parlamentinin-s%c9%99drinin-iddialarina-cavab-verib","status":"publish","type":"post","link":"https:\/\/infonews.az\/?p=19093","title":{"rendered":"Sahib\u0259 Qafarova Erm\u0259nistan parlamentinin s\u0259drinin iddialar\u0131na cavab verib"},"content":{"rendered":"<p class=\"news-title\"><span style=\"color: #ffffff;\">Sahib\u0259 Qafarova Erm\u0259nistan parlamentinin s\u0259drinin iddialar\u0131na cavab verib<\/span><\/p>\n<blockquote><p><span style=\"color: #000000;\">Az\u0259rbaycan Milli M\u0259clisinin s\u0259dri Sahib\u0259 Qafarova v\u0259 Erm\u0259nistan parlamentinin s\u0259dri Alen Simonyan MDB-nin \u00fczv\u00fc olan d\u00f6vl\u0259tl\u0259rin Parlamentl\u0259raras\u0131 Assambleyas\u0131n\u0131n \u015euras\u0131n\u0131n mart\u0131n 29-da\u00a0Almat\u0131 \u015f\u0259h\u0259rind\u0259 ke\u00e7iril\u0259n iclas\u0131nda qar\u015f\u0131l\u0131ql\u0131 iddialarla \u00e7\u0131x\u0131\u015f edibl\u0259r.<\/span><\/p><\/blockquote>\n<p><span style=\"color: #000000;\"><a href=\"https:\/\/infonews.az\/\"><span style=\"color: #000080;\"><strong>&#8220;\u0130NFONEWS&#8221;<\/strong><\/span><\/a> \u201cR\u0130A Novosti\u201dy\u0259 istinad\u0259n x\u0259b\u0259r verir ki, \u00e7\u0131x\u0131\u015f\u0131 zaman\u0131 Simonyan Az\u0259rbaycan t\u0259r\u0259finin at\u0259\u015fk\u0259si pozdu\u011funu iddia edib.<\/span><\/p>\n<p><span style=\"color: #000000;\">\u0130clas\u0131n yekun hiss\u0259sind\u0259 Qafarova bununla ba\u011fl\u0131 bildirib: \u201cAz\u0259rbaycan t\u0259r\u0259find\u0259n at\u0259\u015fk\u0259sin pozmas\u0131 haqq\u0131nda informasiya tamamil\u0259 h\u0259qiq\u0259ti \u0259ks etdirmir.\u00a0Az\u0259rbaycan\u0131n suveren \u0259razisin\u0259 daxil olmu\u015f qanunsuz erm\u0259ni silahl\u0131 birl\u0259\u015fm\u0259l\u0259ri Az\u0259rbaycan ordusunun b\u00f6lm\u0259l\u0259rin\u0259 qar\u015f\u0131 n\u00f6vb\u0259ti t\u0259xribat\u00a0h\u0259yata ke\u00e7irm\u0259y\u0259 \u00e7al\u0131\u015f\u0131b, lakin silahl\u0131 q\u00fcvv\u0259l\u0259rimizin cavab t\u0259dbirl\u0259ri n\u0259tic\u0259sind\u0259 geri \u00e7\u0259kilm\u0259y\u0259 m\u0259cbur olub\u201d.<\/span><\/p>\n<p><span style=\"color: #000000;\">Onun s\u00f6zl\u0259rin\u0259 g\u00f6r\u0259, Az\u0259rbaycan 10 noyabr 2020-ci il tarixli \u00fc\u00e7t\u0259r\u0259fli b\u0259yanata sadiqdir v\u0259 onun m\u00fcdd\u0259alar\u0131n\u0131 pozmay\u0131b:\u00a0\u201cB\u0259yanat\u0131n m\u00fcdd\u0259alar\u0131n\u0131 Az\u0259rbaycan deyil, Erm\u0259nistan pozur\u201d.<\/span><\/p>\n<p><span style=\"color: #000000;\">E.Qafarova\u00a0h\u0259m\u00e7inin Erm\u0259nistan\u0131n qo\u015fun\u00a0qal\u0131qlar\u0131n\u0131n v\u0259 qanunsuz erm\u0259ni silahl\u0131 birl\u0259\u015fm\u0259l\u0259rinin d\u0259rhal Az\u0259rbaycan \u0259razil\u0259rind\u0259n \u00e7\u0131xar\u0131lmas\u0131n\u0131 t\u0259l\u0259b edib.<\/span><\/p>\n<p><span style=\"color: #000000;\">O, Az\u0259rbaycan\u0131n \u00fc\u00e7t\u0259r\u0259fli b\u0259yanata uy\u011fun olaraq b\u00fct\u00fcn h\u0259rbi \u0259sirl\u0259ri Erm\u0259nistana t\u0259hvil verdiyini vur\u011fulay\u0131b: &#8220;10 noyabr 2020-ci il tarixli \u00fc\u00e7t\u0259r\u0259fli b\u0259yanat\u0131n imzalanmas\u0131ndan sonra Az\u0259rbaycan \u0259razisin\u0259 daxil olmu\u015f erm\u0259ni h\u0259rb\u00e7il\u0259ri Cenevr\u0259 Konvensiyas\u0131na uy\u011fun olaraq h\u0259rbi \u0259sir hesab olunmur v\u0259 cinay\u0259t m\u0259suliyy\u0259tin\u0259 c\u0259lb edilm\u0259lidir&#8221;.<\/span><\/p>\n<p><span style=\"color: #000000;\">A.Simonyan is\u0259 b\u0259yanat\u0131n Az\u0259rbaycan t\u0259r\u0259find\u0259n pozulmas\u0131 bar\u0259d\u0259 t\u0259kc\u0259 Erm\u0259nistan\u0131n deyil, Rusiyan\u0131n da b\u0259yanat yayd\u0131\u011f\u0131n\u0131 bildirib:\u00a0\u201cBir daha t\u0259krar etm\u0259k ist\u0259yir\u0259m: Erm\u0259nistan Az\u0259rbaycana t\u0259klif edir ki, s\u00fclh m\u00fcqavil\u0259sinin ba\u011flanmas\u0131 il\u0259 ba\u011fl\u0131 d\u0259rhal dan\u0131\u015f\u0131qlara ba\u015flan\u0131ls\u0131n\u201d.<\/span><\/p>\n<p><span style=\"color: #000000;\">Milli M\u0259clis s\u0259dri r\u0259smi Bak\u0131n\u0131n Erm\u0259nistan t\u0259r\u0259fin\u0259 yax\u015f\u0131 tan\u0131\u015f 5 b\u0259ndi n\u0259z\u0259r\u0259 almaqla, s\u00fclh m\u00fcqavil\u0259si imzalama\u011f\u0131 d\u0259f\u0259l\u0259rl\u0259 r\u0259smi \u0130r\u0259vana t\u0259klif etdiyini bildirib.<\/span><\/p>\n<p><span style=\"color: #000000;\">Erm\u0259nistan parlamentinin s\u0259dri fikrini tamamlayaraq deyib: &#8220;R\u0259sm\u0259n b\u0259yan edir\u0259m ki, bu b\u0259ndl\u0259r Erm\u0259nistan \u00fc\u00e7\u00fcn q\u0259buledil\u0259ndir. Hesab edirik ki, b\u0259zi aspektl\u0259r \u0259lav\u0259 olunarsa, onlar\u0131n icras\u0131na ba\u015flaya bil\u0259rik\u201d.<\/span><\/p>\n<p><span style=\"color: #ff0000;\"><a style=\"color: #ff0000;\" href=\"https:\/\/infonews.az\/\"><strong>&#8220;\u0130NFONEWS&#8221;<\/strong><\/a><\/span><\/p>\n","protected":false},"excerpt":{"rendered":"<p>Sahib\u0259 Qafarova Erm\u0259nistan parlamentinin s\u0259drinin iddialar\u0131na cavab verib Az\u0259rbaycan Milli M\u0259clisinin s\u0259dri Sahib\u0259 Qafarova v\u0259 Erm\u0259nistan parlamentinin s\u0259dri Alen Simonyan MDB-nin \u00fczv\u00fc olan d\u00f6vl\u0259tl\u0259rin Parlamentl\u0259raras\u0131 Assambleyas\u0131n\u0131n \u015euras\u0131n\u0131n mart\u0131n 29-da\u00a0Almat\u0131 \u015f\u0259h\u0259rind\u0259&hellip; <\/p>\n","protected":false},"author":3,"featured_media":211,"comment_status":"open","ping_status":"open","sticky":false,"template":"","format":"standard","meta":{"_mi_skip_tracking":false,"_monsterinsights_sitenote_active":false,"_monsterinsights_sitenote_note":"","_monsterinsights_sitenote_category":0,"footnotes":""},"categories":[6,11],"tags":[6619,1395,4809,54],"aioseo_notices":[],"_links":{"self":[{"href":"https:\/\/infonews.az\/index.php?rest_route=\/wp\/v2\/posts\/19093"}],"collection":[{"href":"https:\/\/infonews.az\/index.php?rest_route=\/wp\/v2\/posts"}],"about":[{"href":"https:\/\/infonews.az\/index.php?rest_route=\/wp\/v2\/types\/post"}],"author":[{"embeddable":true,"href":"https:\/\/infonews.az\/index.php?rest_route=\/wp\/v2\/users\/3"}],"replies":[{"embeddable":true,"href":"https:\/\/infonews.az\/index.php?rest_route=%2Fwp%2Fv2%2Fcomments&post=19093"}],"version-history":[{"count":1,"href":"https:\/\/infonews.az\/index.php?rest_route=\/wp\/v2\/posts\/19093\/revisions"}],"predecessor-version":[{"id":19094,"href":"https:\/\/infonews.az\/index.php?rest_route=\/wp\/v2\/posts\/19093\/revisions\/19094"}],"wp:featuredmedia":[{"embeddable":true,"href":"https:\/\/infonews.az\/index.php?rest_route=\/wp\/v2\/media\/211"}],"wp:attachment":[{"href":"https:\/\/infonews.az\/index.php?rest_route=%2Fwp%2Fv2%2Fmedia&parent=19093"}],"wp:term":[{"taxonomy":"category","embeddable":true,"href":"https:\/\/infonews.az\/index.php?rest_route=%2Fwp%2Fv2%2Fcategories&post=19093"},{"taxonomy":"post_tag","embeddable":true,"href":"https:\/\/infonews.az\/index.php?rest_route=%2Fwp%2Fv2%2Ftags&post=19093"}],"curies":[{"name":"wp","href":"https:\/\/api.w.org\/{rel}","templated":true}]}}