{"id":19613,"date":"2022-04-09T13:35:35","date_gmt":"2022-04-09T09:35:35","guid":{"rendered":"https:\/\/infonews.az\/?p=19613"},"modified":"2022-04-09T13:35:35","modified_gmt":"2022-04-09T09:35:35","slug":"volodimir-zelenski-muharib%c9%99ni-yalniz-vladimir-putin-dayandira-bil%c9%99r","status":"publish","type":"post","link":"https:\/\/infonews.az\/?p=19613","title":{"rendered":"Volodimir Zelenski: &#8220;M\u00fcharib\u0259ni yaln\u0131z Vladimir Putin dayand\u0131ra bil\u0259r&#8221;"},"content":{"rendered":"<p class=\"news-title\"><span style=\"color: #ffffff\">Volodimir Zelenski: &#8220;M\u00fcharib\u0259ni\u00a0yaln\u0131z Vladimir Putin dayand\u0131ra bil\u0259r&#8221;<\/span><\/p>\n<p>\u201cUkraynan\u0131n Rusiya il\u0259 dan\u0131\u015f\u0131qlar masas\u0131na oturmaqdan ba\u015fqa yolu yoxdur. \u00c7\u00fcnki m\u00fcharib\u0259ni yaln\u0131z Rusiya Prezidenti Vladimir Putin dayand\u0131ra bil\u0259r\u201d.<\/p>\n<p><a href=\"https:\/\/infonews.az\">INFONEWS<\/a> \u201cRBK Ukraina\u201dya istinad\u0259n x\u0259b\u0259r verir ki, bunu Ukrayna Prezidenti Volodimir Zelenski Almaniyan\u0131n \u201cBild\u201d n\u0259\u015frin\u0259 m\u00fcsahib\u0259sind\u0259 deyib.<\/p>\n<p>\u201cPutinl\u0259 birba\u015fa dan\u0131\u015f\u0131qlar ideyas\u0131 bu g\u00fcn d\u0259, h\u0259tta Bu\u00e7a v\u0259 Kramatorskda ba\u015f ver\u0259n m\u00fcharib\u0259 cinay\u0259tl\u0259rind\u0259n sonra da aktuald\u0131r. Sava\u015f\u0131n n\u0259 vaxt bit\u0259c\u0259yin\u0259 yaln\u0131z Putin q\u0259rar ver\u0259 bil\u0259r. Rusiyada m\u00fcharib\u0259ni dayand\u0131ra bil\u0259c\u0259k ba\u015fqa q\u00fcvv\u0259 yoxdur\u201d, &#8211; o bildirib.<\/p>\n<p>Xat\u0131rladaq ki, daha \u0259vv\u0259l Ukrayna dan\u0131\u015f\u0131qlar hey\u0259tinin r\u0259hb\u0259ri David Araxamia V.Zelenski il\u0259 V.Putin aras\u0131nda m\u00fcmk\u00fcn g\u00f6r\u00fc\u015f\u00fcn harada v\u0259 n\u0259 vaxt ke\u00e7iril\u0259c\u0259yinin h\u0259l\u0259 m\u0259lum olmad\u0131\u011f\u0131n\u0131 s\u00f6yl\u0259mi\u015fdi.<\/p>\n","protected":false},"excerpt":{"rendered":"<p>Volodimir Zelenski: &#8220;M\u00fcharib\u0259ni\u00a0yaln\u0131z Vladimir Putin dayand\u0131ra bil\u0259r&#8221; \u201cUkraynan\u0131n Rusiya il\u0259 dan\u0131\u015f\u0131qlar masas\u0131na oturmaqdan ba\u015fqa yolu yoxdur. \u00c7\u00fcnki m\u00fcharib\u0259ni yaln\u0131z Rusiya Prezidenti Vladimir Putin dayand\u0131ra bil\u0259r\u201d. INFONEWS \u201cRBK Ukraina\u201dya istinad\u0259n x\u0259b\u0259r&hellip; <\/p>\n","protected":false},"author":14,"featured_media":19615,"comment_status":"open","ping_status":"open","sticky":false,"template":"","format":"standard","meta":{"_mi_skip_tracking":false,"_monsterinsights_sitenote_active":false,"_monsterinsights_sitenote_note":"","_monsterinsights_sitenote_category":0,"footnotes":""},"categories":[9],"tags":[143,172,6400],"aioseo_notices":[],"_links":{"self":[{"href":"https:\/\/infonews.az\/index.php?rest_route=\/wp\/v2\/posts\/19613"}],"collection":[{"href":"https:\/\/infonews.az\/index.php?rest_route=\/wp\/v2\/posts"}],"about":[{"href":"https:\/\/infonews.az\/index.php?rest_route=\/wp\/v2\/types\/post"}],"author":[{"embeddable":true,"href":"https:\/\/infonews.az\/index.php?rest_route=\/wp\/v2\/users\/14"}],"replies":[{"embeddable":true,"href":"https:\/\/infonews.az\/index.php?rest_route=%2Fwp%2Fv2%2Fcomments&post=19613"}],"version-history":[{"count":1,"href":"https:\/\/infonews.az\/index.php?rest_route=\/wp\/v2\/posts\/19613\/revisions"}],"predecessor-version":[{"id":19616,"href":"https:\/\/infonews.az\/index.php?rest_route=\/wp\/v2\/posts\/19613\/revisions\/19616"}],"wp:featuredmedia":[{"embeddable":true,"href":"https:\/\/infonews.az\/index.php?rest_route=\/wp\/v2\/media\/19615"}],"wp:attachment":[{"href":"https:\/\/infonews.az\/index.php?rest_route=%2Fwp%2Fv2%2Fmedia&parent=19613"}],"wp:term":[{"taxonomy":"category","embeddable":true,"href":"https:\/\/infonews.az\/index.php?rest_route=%2Fwp%2Fv2%2Fcategories&post=19613"},{"taxonomy":"post_tag","embeddable":true,"href":"https:\/\/infonews.az\/index.php?rest_route=%2Fwp%2Fv2%2Ftags&post=19613"}],"curies":[{"name":"wp","href":"https:\/\/api.w.org\/{rel}","templated":true}]}}