{"id":1974,"date":"2021-01-07T21:08:37","date_gmt":"2021-01-07T17:08:37","guid":{"rendered":"https:\/\/infonews.az\/?p=1974"},"modified":"2021-01-07T21:08:37","modified_gmt":"2021-01-07T17:08:37","slug":"g%c9%99d%c9%99b%c9%99yd%c9%99-gizli-f%c9%99aliyy%c9%99t-gost%c9%99r%c9%99n-kafe-askarlanib","status":"publish","type":"post","link":"https:\/\/infonews.az\/?p=1974","title":{"rendered":"G\u0259d\u0259b\u0259yd\u0259 gizli f\u0259aliyy\u0259t g\u00f6st\u0259r\u0259n kafe a\u015fkarlan\u0131b"},"content":{"rendered":"<p><strong>\u0130NFONEWS<\/strong> x\u0259b\u0259r verir ki,\u00a0G\u0259d\u0259b\u0259y rayonunda gizli f\u0259aliyy\u0259t g\u00f6st\u0259r\u0259n kafe a\u015fkarlan\u0131b.<\/p>\n<p>Daxili \u0130\u015fl\u0259r Nazirliyinin M\u0259tbuat Xidm\u0259tinin G\u0259nc\u0259 \u015f\u0259h\u0259rind\u0259ki regional qrupunun m\u0259lumat\u0131na g\u00f6r\u0259, G\u0259d\u0259b\u0259y rayon Polis \u015e\u00f6b\u0259sinin (RP\u015e) \u0259m\u0259kda\u015flar\u0131 inzibati \u0259razil\u0259rind\u0259 xidm\u0259t aparan zaman\u0131 rayonun Ar\u0131xdam k\u0259ndi \u0259razisind\u0259 \u201cL\u0259zz\u0259t kafe\u201d adl\u0131 kafenin gizli \u015f\u0259kild\u0259 f\u0259aliyy\u0259t g\u00f6st\u0259rm\u0259sini a\u015fkarlay\u0131b. Obyektin sahibi Bayram Camalovla yana\u015f\u0131, onun m\u00fc\u015ft\u0259ril\u0259ri saxlan\u0131laraq RP\u015e-y\u0259 g\u0259tirilib v\u0259 bar\u0259l\u0259rind\u0259 \u0130nzibati X\u0259talar M\u0259c\u0259ll\u0259sinin 211-ci madd\u0259si (Epidemiya \u0259leyhin\u0259 rejimin, sanitariya-gigiyena v\u0259 karantin rejiml\u0259rinin pozulmas\u0131) il\u0259 protokol t\u0259rtib edil\u0259r\u0259k c\u0259rim\u0259 edilib.<\/p>\n<p>Faktla ba\u011fl\u0131 ara\u015fd\u0131rmalar davam etdirilir.<\/p>\n","protected":false},"excerpt":{"rendered":"<p>\u0130NFONEWS x\u0259b\u0259r verir ki,\u00a0G\u0259d\u0259b\u0259y rayonunda gizli f\u0259aliyy\u0259t g\u00f6st\u0259r\u0259n kafe a\u015fkarlan\u0131b. Daxili \u0130\u015fl\u0259r Nazirliyinin M\u0259tbuat Xidm\u0259tinin G\u0259nc\u0259 \u015f\u0259h\u0259rind\u0259ki regional qrupunun m\u0259lumat\u0131na g\u00f6r\u0259, G\u0259d\u0259b\u0259y rayon Polis \u015e\u00f6b\u0259sinin (RP\u015e) \u0259m\u0259kda\u015flar\u0131 inzibati \u0259razil\u0259rind\u0259 xidm\u0259t&hellip; <\/p>\n","protected":false},"author":3,"featured_media":1975,"comment_status":"open","ping_status":"open","sticky":false,"template":"","format":"standard","meta":{"_mi_skip_tracking":false,"_monsterinsights_sitenote_active":false,"_monsterinsights_sitenote_note":"","_monsterinsights_sitenote_category":0,"footnotes":""},"categories":[5,11],"tags":[135,388,86],"aioseo_notices":[],"_links":{"self":[{"href":"https:\/\/infonews.az\/index.php?rest_route=\/wp\/v2\/posts\/1974"}],"collection":[{"href":"https:\/\/infonews.az\/index.php?rest_route=\/wp\/v2\/posts"}],"about":[{"href":"https:\/\/infonews.az\/index.php?rest_route=\/wp\/v2\/types\/post"}],"author":[{"embeddable":true,"href":"https:\/\/infonews.az\/index.php?rest_route=\/wp\/v2\/users\/3"}],"replies":[{"embeddable":true,"href":"https:\/\/infonews.az\/index.php?rest_route=%2Fwp%2Fv2%2Fcomments&post=1974"}],"version-history":[{"count":1,"href":"https:\/\/infonews.az\/index.php?rest_route=\/wp\/v2\/posts\/1974\/revisions"}],"predecessor-version":[{"id":1976,"href":"https:\/\/infonews.az\/index.php?rest_route=\/wp\/v2\/posts\/1974\/revisions\/1976"}],"wp:featuredmedia":[{"embeddable":true,"href":"https:\/\/infonews.az\/index.php?rest_route=\/wp\/v2\/media\/1975"}],"wp:attachment":[{"href":"https:\/\/infonews.az\/index.php?rest_route=%2Fwp%2Fv2%2Fmedia&parent=1974"}],"wp:term":[{"taxonomy":"category","embeddable":true,"href":"https:\/\/infonews.az\/index.php?rest_route=%2Fwp%2Fv2%2Fcategories&post=1974"},{"taxonomy":"post_tag","embeddable":true,"href":"https:\/\/infonews.az\/index.php?rest_route=%2Fwp%2Fv2%2Ftags&post=1974"}],"curies":[{"name":"wp","href":"https:\/\/api.w.org\/{rel}","templated":true}]}}