{"id":1977,"date":"2021-01-07T21:22:27","date_gmt":"2021-01-07T17:22:27","guid":{"rendered":"https:\/\/infonews.az\/?p=1977"},"modified":"2021-01-07T21:22:27","modified_gmt":"2021-01-07T17:22:27","slug":"fransa-m%c9%99tbuatinda-az%c9%99rbaycan-h%c9%99qiq%c9%99tl%c9%99ri-bar%c9%99d%c9%99-genis-m%c9%99qal%c9%99-d%c9%99rc-olunub","status":"publish","type":"post","link":"https:\/\/infonews.az\/?p=1977","title":{"rendered":"Fransa m\u0259tbuat\u0131nda Az\u0259rbaycan h\u0259qiq\u0259tl\u0259ri bar\u0259d\u0259 geni\u015f m\u0259qal\u0259 d\u0259rc olunub"},"content":{"rendered":"<p><strong>\u0130NFONEWS<\/strong> &#8220;Trend&#8221;-\u0259 istinad\u0259n x\u0259b\u0259r verir ki, Fransa m\u0259tbuat\u0131nda, Az\u0259rbaycan h\u0259qiq\u0259tl\u0259ri, Da\u011fl\u0131q Qaraba\u011f m\u00fcnaqi\u015f\u0259si il\u0259 ba\u011fl\u0131 geni\u015f m\u0259qal\u0259 d\u0259rc olunub.<\/p>\n<p>&#8220;Lagazetteaz.fr&#8221; onlayn q\u0259zetind\u0259 d\u0259rc olunan m\u0259qal\u0259d\u0259 Erm\u0259nistan\u0131n Az\u0259rbaycana qar\u015f\u0131 i\u015f\u011fal\u00e7\u0131l\u0131q siyas\u0259ti, Da\u011fl\u0131q Qaraba\u011f m\u00fcnaqi\u015f\u0259sinin yaratd\u0131\u011f\u0131 f\u0259sadlar v\u0259 region \u00fc\u00e7\u00fcn t\u0259hl\u00fck\u0259l\u0259ri, Az\u0259rbaycan\u0131n haql\u0131 m\u00f6vqeyi bar\u0259d\u0259 m\u0259lumat verilib.<\/p>\n<p>M\u0259qal\u0259d\u0259 qeyd olunub ki, Az\u0259rbaycan 30 il\u0259 yax\u0131n bir m\u00fcdd\u0259t \u0259rzind\u0259 Da\u011fl\u0131q Qaraba\u011f m\u00fcnaqi\u015f\u0259sinin s\u00fclh yolu il\u0259, beyn\u0259lxalq qanunlar \u00e7\u0259r\u00e7iv\u0259sind\u0259 h\u0259llin\u0259 nail olma\u011fa \u00e7al\u0131\u015fsa da Erm\u0259nistan\u0131n qeyri-konstruktiv m\u00f6vqeyi v\u0259 t\u0259xribatlar\u0131 n\u0259tic\u0259sind\u0259 bu m\u00fcmk\u00fcn olmad\u0131.<\/p>\n<p>Az\u0259rbaycan\u0131n m\u00fcnaqi\u015f\u0259nin h\u0259lli il\u0259 ba\u011fl\u0131 m\u00f6vqeyi tamamil\u0259 haql\u0131, \u00f6lk\u0259l\u0259rin suverenliyi v\u0259 \u0259razi b\u00fct\u00f6vl\u00fcy\u00fc prinsipin\u0259 \u0259saslanan, beyn\u0259lxalq h\u00fcquqa s\u00f6yk\u0259n\u0259n bir m\u00f6vqe idi. BMT T\u0259hl\u00fck\u0259sizlik \u015euras\u0131n\u0131n Da\u011fl\u0131q Qaraba\u011f m\u00fcnaqi\u015f\u0259sinin h\u0259lli il\u0259 ba\u011fl\u0131 q\u0259tnam\u0259l\u0259rind\u0259 d\u0259 Az\u0259rbaycan\u0131n \u0259razi b\u00fct\u00f6vl\u00fcy\u00fc tam d\u0259st\u0259kl\u0259nir v\u0259 erm\u0259ni silahl\u0131 q\u00fcvv\u0259l\u0259rinin i\u015f\u011fal edilmi\u015f \u0259razil\u0259rd\u0259n d\u0259rhal v\u0259 qeyd-\u015f\u0259rtsiz \u00e7\u0131xar\u0131lmas\u0131 t\u0259l\u0259b olunurdu.<\/p>\n<p>Lakin Erm\u0259nistan t\u0259r\u0259finin m\u00fcnaqi\u015f\u0259nin h\u0259lli il\u0259 ba\u011fl\u0131 dan\u0131\u015f\u0131qlar prosesind\u0259 qeyri-konstruktiv m\u00f6vqeyi, dan\u0131\u015f\u0131qlarda imitasiya xatirin\u0259 i\u015ftirak etm\u0259si, Az\u0259rbaycan\u0131n s\u00fclh t\u0259klifin\u0259 cavab olaraq zaman-zaman t\u0259rxribatlara \u0259l atmas\u0131 m\u00fcnaq\u015f\u0259nin s\u00fclh yolu il\u0259 h\u0259lli imkanlar\u0131n\u0131 t\u00fck\u0259ndirirdi, regionda v\u0259ziyy\u0259ti daim g\u0259rgin saxlay\u0131rd\u0131 v\u0259 m\u00fcharib\u0259 variant\u0131n\u0131 reall\u0131\u011fa \u00e7evirirdi.<\/p>\n<p>M\u0259qal\u0259d\u0259 h\u0259m\u00e7inin V\u0259t\u0259n m\u00fcharib\u0259si zaman\u0131 erm\u0259nil\u0259rin G\u0259nc\u0259, B\u0259rd\u0259 v\u0259 dig\u0259r \u015f\u0259h\u0259rl\u0259rd\u0259 m\u00fclki \u0259haliy\u0259 qar\u015f\u0131 t\u00f6r\u0259tdiyi terror hadis\u0259l\u0259rind\u0259n b\u0259hs olunub.<\/p>\n<p>M\u0259qal\u0259 il\u0259 daha \u0259trafl\u0131 burada tan\u0131\u015f ola bil\u0259rsiniz:\u00a0<a href=\"https:\/\/www.lagazetteaz.fr\/news\/politique\/3876.html\" target=\"_blank\" rel=\"noopener\">https:\/\/www.lagazetteaz.fr\/news\/politique\/3876.html<\/a><\/p>\n<p>&nbsp;<\/p>\n","protected":false},"excerpt":{"rendered":"<p>\u0130NFONEWS &#8220;Trend&#8221;-\u0259 istinad\u0259n x\u0259b\u0259r verir ki, Fransa m\u0259tbuat\u0131nda, Az\u0259rbaycan h\u0259qiq\u0259tl\u0259ri, Da\u011fl\u0131q Qaraba\u011f m\u00fcnaqi\u015f\u0259si il\u0259 ba\u011fl\u0131 geni\u015f m\u0259qal\u0259 d\u0259rc olunub. &#8220;Lagazetteaz.fr&#8221; onlayn q\u0259zetind\u0259 d\u0259rc olunan m\u0259qal\u0259d\u0259 Erm\u0259nistan\u0131n Az\u0259rbaycana qar\u015f\u0131 i\u015f\u011fal\u00e7\u0131l\u0131q siyas\u0259ti,&hellip; <\/p>\n","protected":false},"author":3,"featured_media":1979,"comment_status":"open","ping_status":"open","sticky":false,"template":"","format":"standard","meta":{"_mi_skip_tracking":false,"_monsterinsights_sitenote_active":false,"_monsterinsights_sitenote_note":"","_monsterinsights_sitenote_category":0,"footnotes":""},"categories":[9,8,11],"tags":[],"aioseo_notices":[],"_links":{"self":[{"href":"https:\/\/infonews.az\/index.php?rest_route=\/wp\/v2\/posts\/1977"}],"collection":[{"href":"https:\/\/infonews.az\/index.php?rest_route=\/wp\/v2\/posts"}],"about":[{"href":"https:\/\/infonews.az\/index.php?rest_route=\/wp\/v2\/types\/post"}],"author":[{"embeddable":true,"href":"https:\/\/infonews.az\/index.php?rest_route=\/wp\/v2\/users\/3"}],"replies":[{"embeddable":true,"href":"https:\/\/infonews.az\/index.php?rest_route=%2Fwp%2Fv2%2Fcomments&post=1977"}],"version-history":[{"count":1,"href":"https:\/\/infonews.az\/index.php?rest_route=\/wp\/v2\/posts\/1977\/revisions"}],"predecessor-version":[{"id":1980,"href":"https:\/\/infonews.az\/index.php?rest_route=\/wp\/v2\/posts\/1977\/revisions\/1980"}],"wp:featuredmedia":[{"embeddable":true,"href":"https:\/\/infonews.az\/index.php?rest_route=\/wp\/v2\/media\/1979"}],"wp:attachment":[{"href":"https:\/\/infonews.az\/index.php?rest_route=%2Fwp%2Fv2%2Fmedia&parent=1977"}],"wp:term":[{"taxonomy":"category","embeddable":true,"href":"https:\/\/infonews.az\/index.php?rest_route=%2Fwp%2Fv2%2Fcategories&post=1977"},{"taxonomy":"post_tag","embeddable":true,"href":"https:\/\/infonews.az\/index.php?rest_route=%2Fwp%2Fv2%2Ftags&post=1977"}],"curies":[{"name":"wp","href":"https:\/\/api.w.org\/{rel}","templated":true}]}}