{"id":20051,"date":"2022-04-15T08:22:41","date_gmt":"2022-04-15T04:22:41","guid":{"rendered":"https:\/\/infonews.az\/?p=20051"},"modified":"2022-04-15T08:22:41","modified_gmt":"2022-04-15T04:22:41","slug":"abs-az%c9%99rbaycan-v%c9%99-erm%c9%99nistana-sulh%c9%99-nail-olmaq-ucun-kom%c9%99k-etm%c9%99y%c9%99-haziriq","status":"publish","type":"post","link":"https:\/\/infonews.az\/?p=20051","title":{"rendered":"AB\u015e: Az\u0259rbaycan v\u0259 Erm\u0259nistana s\u00fclh\u0259 nail olmaq \u00fc\u00e7\u00fcn k\u00f6m\u0259k etm\u0259y\u0259 haz\u0131r\u0131q"},"content":{"rendered":"<p>&#8220;Biz C\u0259nubi Qafqaz regionu \u00fc\u00e7\u00fcn dinc, demokratik v\u0259 firavan g\u0259l\u0259c\u0259y\u0259 do\u011fru inki\u015fafa sadiq qal\u0131r\u0131q.\u00a0Az\u0259rbaycan v\u0259 Erm\u0259nistana s\u00fclh\u0259 nail olmaq \u00fc\u00e7\u00fcn k\u00f6m\u0259k etm\u0259y\u0259 haz\u0131r\u0131q&#8221;.<\/p>\n<p><a href=\"http:\/\/\u0130NFONEWS\">\u0130NFONEWS<\/a>\u00a0x\u0259b\u0259r verir ki, bunlar\u0131 AB\u015e D\u00f6vl\u0259t Departamentinin m\u0259tbuat xidm\u0259tinin r\u0259hb\u0259ri Ned Prays jurnalistl\u0259r \u00fc\u00e7\u00fcn ke\u00e7irdiyi brifinqd\u0259 deyib.<\/p>\n<p>O, qeyd edib ki, AB\u015e aprelin 6-da Br\u00fcsseld\u0259 Erm\u0259nistan v\u0259 Az\u0259rbaycan r\u0259hb\u0259rl\u0259ri aras\u0131nda g\u00f6r\u00fc\u015f\u00fc, o c\u00fcml\u0259d\u0259n\u00a0s\u00fclh dan\u0131\u015f\u0131qlar\u0131na haz\u0131rl\u0131\u011f\u0131n m\u00fcsb\u0259t dinamikas\u0131 v\u0259 s\u0259rh\u0259dl\u0259rin delimitasiyas\u0131 \u00fczr\u0259 ikit\u0259r\u0259fli komissiyan\u0131n formala\u015fd\u0131r\u0131lmas\u0131n\u0131\u00a0alq\u0131\u015flay\u0131b.<\/p>\n<p>D\u00f6vl\u0259t katibinin (Entoni Blinkenin) bir g\u00fcn \u0259vv\u0259l, aprelin 5-d\u0259 iki liderl\u0259 dan\u0131\u015f\u0131qlar zaman\u0131 vur\u011fulad\u0131\u011f\u0131 kimi, biz Erm\u0259nistan v\u0259 Az\u0259rbaycan aras\u0131nda g\u0259l\u0259c\u0259k s\u00fclh dan\u0131\u015f\u0131qlar\u0131n\u0131n t\u0259\u015fviqin\u0259 davam edirik\u201d, &#8211; diplomat bildirib.<\/p>\n<p>&nbsp;<\/p>\n<p>\u018fziz\u0259 \u018fliyeva<\/p>\n<p>\u00a9 Materiallardan istifad\u0259 ed\u0259rk\u0259n hiperlinkl\u0259 istinad olunmal\u0131d\u0131r<\/p>\n<p><a href=\"http:\/\/\u0130NFONEWS\">\u0130NFONEWS<\/a><\/p>\n","protected":false},"excerpt":{"rendered":"<p>&#8220;Biz C\u0259nubi Qafqaz regionu \u00fc\u00e7\u00fcn dinc, demokratik v\u0259 firavan g\u0259l\u0259c\u0259y\u0259 do\u011fru inki\u015fafa sadiq qal\u0131r\u0131q.\u00a0Az\u0259rbaycan v\u0259 Erm\u0259nistana s\u00fclh\u0259 nail olmaq \u00fc\u00e7\u00fcn k\u00f6m\u0259k etm\u0259y\u0259 haz\u0131r\u0131q&#8221;. \u0130NFONEWS\u00a0x\u0259b\u0259r verir ki, bunlar\u0131 AB\u015e D\u00f6vl\u0259t Departamentinin&hellip; <\/p>\n","protected":false},"author":14,"featured_media":20052,"comment_status":"open","ping_status":"open","sticky":false,"template":"","format":"standard","meta":{"_mi_skip_tracking":false,"_monsterinsights_sitenote_active":false,"_monsterinsights_sitenote_note":"","_monsterinsights_sitenote_category":0,"footnotes":""},"categories":[9,6,11],"tags":[6858,6859,6857,13,6479,70],"aioseo_notices":[],"_links":{"self":[{"href":"https:\/\/infonews.az\/index.php?rest_route=\/wp\/v2\/posts\/20051"}],"collection":[{"href":"https:\/\/infonews.az\/index.php?rest_route=\/wp\/v2\/posts"}],"about":[{"href":"https:\/\/infonews.az\/index.php?rest_route=\/wp\/v2\/types\/post"}],"author":[{"embeddable":true,"href":"https:\/\/infonews.az\/index.php?rest_route=\/wp\/v2\/users\/14"}],"replies":[{"embeddable":true,"href":"https:\/\/infonews.az\/index.php?rest_route=%2Fwp%2Fv2%2Fcomments&post=20051"}],"version-history":[{"count":1,"href":"https:\/\/infonews.az\/index.php?rest_route=\/wp\/v2\/posts\/20051\/revisions"}],"predecessor-version":[{"id":20053,"href":"https:\/\/infonews.az\/index.php?rest_route=\/wp\/v2\/posts\/20051\/revisions\/20053"}],"wp:featuredmedia":[{"embeddable":true,"href":"https:\/\/infonews.az\/index.php?rest_route=\/wp\/v2\/media\/20052"}],"wp:attachment":[{"href":"https:\/\/infonews.az\/index.php?rest_route=%2Fwp%2Fv2%2Fmedia&parent=20051"}],"wp:term":[{"taxonomy":"category","embeddable":true,"href":"https:\/\/infonews.az\/index.php?rest_route=%2Fwp%2Fv2%2Fcategories&post=20051"},{"taxonomy":"post_tag","embeddable":true,"href":"https:\/\/infonews.az\/index.php?rest_route=%2Fwp%2Fv2%2Ftags&post=20051"}],"curies":[{"name":"wp","href":"https:\/\/api.w.org\/{rel}","templated":true}]}}