{"id":20172,"date":"2022-04-18T19:00:41","date_gmt":"2022-04-18T15:00:41","guid":{"rendered":"https:\/\/infonews.az\/?p=20172"},"modified":"2022-04-18T19:01:11","modified_gmt":"2022-04-18T15:01:11","slug":"t%c9%99b%c9%99ssum-yarat-usaq-evind%c9%99","status":"publish","type":"post","link":"https:\/\/infonews.az\/?p=20172","title":{"rendered":"T\u0259b\u0259ss\u00fcm Yarat&#8221; u\u015faq evind\u0259"},"content":{"rendered":"<p><span style=\"color: #ffffff;\">T\u0259b\u0259ss\u00fcm Yarat&#8221; u\u015faq evind\u0259<\/span><\/p>\n<blockquote><p><span style=\"color: #000000;\">T\u0259m\u0259nna g\u00fcdm\u0259d\u0259n yard\u0131m ed\u0259n bir komanda d\u00fc\u015f\u00fcn\u00fcn. Gec\u0259sini g\u00fcnd\u00fcz\u00fcn\u0259 qatan, birc\u0259 u\u015fa\u011f\u0131n \u00fcz\u00fcn\u00fc g\u00fcld\u00fcrm\u0259k \u00fc\u00e7\u00fcn \u0259lind\u0259n g\u0259l\u0259ni ed\u0259n komanda&#8230; &#8220;T\u0259b\u0259ss\u00fcm Yarat&#8221; k\u0259nd m\u0259kt\u0259bl\u0259rin\u0259 yard\u0131m kampaniyas\u0131n\u0131n 5 ya\u015f\u0131 tamam olur.<\/span><\/p><\/blockquote>\n<p><span style=\"color: #000000;\"><a href=\"https:\/\/infonews.az\/\"><span style=\"color: #000080;\"><strong>&#8220;\u0130NFONEWS&#8221;<\/strong><\/span><\/a> x\u0259b\u0259r verir ki, 2017-ci ild\u0259n f\u0259aliyy\u0259t\u0259 ba\u015flayan &#8220;T\u0259b\u0259ss\u00fcm Yarat&#8221; k\u00f6n\u00fcll\u00fc qrupunun m\u0259qs\u0259di yard\u0131msev\u0259r insanlar t\u0259r\u0259find\u0259n g\u0259l\u0259n ian\u0259 hesab\u0131na ucqar da\u011f k\u0259ndind\u0259 t\u0259hsil alma\u011fa \u00e7al\u0131\u015fan \u015fagirdl\u0259rin t\u0259dris h\u0259yat\u0131na d\u0259st\u0259k verm\u0259k, onlar\u0131 sevindirm\u0259k, t\u0259hsil\u0259 v\u0259 idmana maraq yaratmaqd\u0131r.<\/span><\/p>\n<p><span style=\"color: #000000;\">Komanda 5 illiyini &#8220;Nur u\u015faq evi&#8221;nd\u0259ki balacalara yard\u0131m apararaq qeyd edib. Yard\u0131m kampaniyas\u0131 \u00e7\u0259r\u00e7iv\u0259sind\u0259 u\u015faq evinin 25 sakinin\u0259 geyim, gigiyenik vasit\u0259l\u0259r, m\u00fcxt\u0259lif oyuncaqlar apar\u0131l\u0131b, \u00e7ay s\u00fcfr\u0259si t\u0259\u015fkil olunub.<\/span><\/p>\n<p><span style=\"color: #000000;\">Qeyd ed\u0259k ki, &#8220;T\u0259b\u0259ss\u00fcm Yarat&#8221; k\u00f6n\u00fcll\u00fcl\u0259ri \u00f6t\u0259n 5 il \u0259rzind\u0259 Az\u0259rbaycan\u0131n m\u00fcxt\u0259lif ucqar rayonlar\u0131na &#8211; Da\u015fk\u0259s\u0259n, A\u011fdam, A\u011fcab\u0259di, Astara, Quba, Lerik v\u0259 \u015e\u0259kiy\u0259 s\u0259f\u0259r edib. 20-y\u0259 yax\u0131n k\u00f6n\u00fcll\u00fcn\u00fcn f\u0259aliyy\u0259t g\u00f6st\u0259rdiyi komanda t\u0259r\u0259find\u0259n yard\u0131m kampaniyalar\u0131 \u00e7\u0259r\u00e7iv\u0259sind\u0259 m\u0259kt\u0259blil\u0259r\u0259 m\u0259kt\u0259b l\u0259vazimatlar\u0131, kitablar v\u0259 geyim \u0259\u015fyalar\u0131 h\u0259diyy\u0259 edilib.<\/span><\/p>\n<p><span style=\"color: #000000;\">Komanda k\u0259nd m\u0259kt\u0259bl\u0259rin\u0259 yard\u0131mdan \u0259lav\u0259, bir \u00e7ox layih\u0259 v\u0259 d\u0259st\u0259k kampaniyalar\u0131n\u0131n da i\u015ftirak\u00e7\u0131s\u0131 olub. Bel\u0259 ki, \u00f6t\u0259n 5 il \u0259rzind\u0259 hey\u0259t t\u0259r\u0259find\u0259n 350-\u0259 yax\u0131n ehtiyacl\u0131 ail\u0259y\u0259 \u0259rzaq yard\u0131m\u0131 edilib.<\/span><\/p>\n<p><span style=\"color: #000000;\">\u018fg\u0259r siz d\u0259 bu yard\u0131m kampaniyalar\u0131na d\u0259st\u0259k olmaq ist\u0259yirsinizs\u0259, &#8220;T\u0259b\u0259ss\u00fcm yarat&#8221; komandas\u0131n\u0131n sosial media hesablar\u0131na m\u00fcraci\u0259t ed\u0259 bil\u0259rsiniz.<\/span><\/p>\n<p><em><span style=\"color: #000000;\">Bizd\u0259 <a href=\"https:\/\/infonews.az\/\"><span style=\"color: #ff0000;\"><strong>&#8220;\u0130NFONEWS&#8221;<\/strong><\/span><\/a> olaraq, &#8220;T\u0259b\u0259ss\u00fcm Yarat&#8221; komandas\u0131n\u0131 t\u0259brik edir v\u0259 f\u0259aliyy\u0259tl\u0259rind\u0259 u\u011furlar arzu edirik!<\/span><\/em><\/p>\n","protected":false},"excerpt":{"rendered":"<p>T\u0259b\u0259ss\u00fcm Yarat&#8221; u\u015faq evind\u0259 T\u0259m\u0259nna g\u00fcdm\u0259d\u0259n yard\u0131m ed\u0259n bir komanda d\u00fc\u015f\u00fcn\u00fcn. Gec\u0259sini g\u00fcnd\u00fcz\u00fcn\u0259 qatan, birc\u0259 u\u015fa\u011f\u0131n \u00fcz\u00fcn\u00fc g\u00fcld\u00fcrm\u0259k \u00fc\u00e7\u00fcn \u0259lind\u0259n g\u0259l\u0259ni ed\u0259n komanda&#8230; &#8220;T\u0259b\u0259ss\u00fcm Yarat&#8221; k\u0259nd m\u0259kt\u0259bl\u0259rin\u0259 yard\u0131m kampaniyas\u0131n\u0131n 5&hellip; <\/p>\n","protected":false},"author":3,"featured_media":20173,"comment_status":"open","ping_status":"open","sticky":false,"template":"","format":"standard","meta":{"_mi_skip_tracking":false,"_monsterinsights_sitenote_active":false,"_monsterinsights_sitenote_note":"","_monsterinsights_sitenote_category":0,"footnotes":""},"categories":[11,7],"tags":[6900,6902,6901],"aioseo_notices":[],"_links":{"self":[{"href":"https:\/\/infonews.az\/index.php?rest_route=\/wp\/v2\/posts\/20172"}],"collection":[{"href":"https:\/\/infonews.az\/index.php?rest_route=\/wp\/v2\/posts"}],"about":[{"href":"https:\/\/infonews.az\/index.php?rest_route=\/wp\/v2\/types\/post"}],"author":[{"embeddable":true,"href":"https:\/\/infonews.az\/index.php?rest_route=\/wp\/v2\/users\/3"}],"replies":[{"embeddable":true,"href":"https:\/\/infonews.az\/index.php?rest_route=%2Fwp%2Fv2%2Fcomments&post=20172"}],"version-history":[{"count":2,"href":"https:\/\/infonews.az\/index.php?rest_route=\/wp\/v2\/posts\/20172\/revisions"}],"predecessor-version":[{"id":20175,"href":"https:\/\/infonews.az\/index.php?rest_route=\/wp\/v2\/posts\/20172\/revisions\/20175"}],"wp:featuredmedia":[{"embeddable":true,"href":"https:\/\/infonews.az\/index.php?rest_route=\/wp\/v2\/media\/20173"}],"wp:attachment":[{"href":"https:\/\/infonews.az\/index.php?rest_route=%2Fwp%2Fv2%2Fmedia&parent=20172"}],"wp:term":[{"taxonomy":"category","embeddable":true,"href":"https:\/\/infonews.az\/index.php?rest_route=%2Fwp%2Fv2%2Fcategories&post=20172"},{"taxonomy":"post_tag","embeddable":true,"href":"https:\/\/infonews.az\/index.php?rest_route=%2Fwp%2Fv2%2Ftags&post=20172"}],"curies":[{"name":"wp","href":"https:\/\/api.w.org\/{rel}","templated":true}]}}