{"id":20278,"date":"2022-04-20T10:41:52","date_gmt":"2022-04-20T06:41:52","guid":{"rendered":"https:\/\/infonews.az\/?p=20278"},"modified":"2022-04-20T23:12:19","modified_gmt":"2022-04-20T19:12:19","slug":"az%c9%99rbaycan-v%c9%99-qirgizistan-prezidentl%c9%99rinin-t%c9%99kb%c9%99t%c9%99k-gorusu-olub","status":"publish","type":"post","link":"https:\/\/infonews.az\/?p=20278","title":{"rendered":"Az\u0259rbaycan v\u0259 Q\u0131r\u011f\u0131z\u0131stan prezidentl\u0259rinin t\u0259kb\u0259t\u0259k g\u00f6r\u00fc\u015f\u00fc olub"},"content":{"rendered":"<p class=\"news_heading\"><span style=\"color: #ffffff;\">Az\u0259rbaycan v\u0259 Q\u0131r\u011f\u0131z\u0131stan prezidentl\u0259rinin t\u0259kb\u0259t\u0259k g\u00f6r\u00fc\u015f\u00fc olub<\/span><\/p>\n<blockquote><p><span style=\"color: #000000;\">Aprelin 20-d\u0259 r\u0259smi qar\u015f\u0131lanma m\u0259rasimind\u0259n sonra Az\u0259rbaycan Respublikas\u0131n\u0131n Prezidenti \u0130lham \u018fliyevin Q\u0131r\u011f\u0131z Respublikas\u0131n\u0131n Prezidenti Sad\u0131r Japarov il\u0259 t\u0259kb\u0259t\u0259k g\u00f6r\u00fc\u015f\u00fc olub.<\/span><\/p><\/blockquote>\n<p><span style=\"color: #000000;\">Q\u0131r\u011f\u0131z\u0131stan Prezidentini salamlayan Az\u0259rbaycan Prezidenti \u0130lham \u018fliyev dedi:<\/span><\/p>\n<p><span style=\"color: #000000;\">-H\u00f6rm\u0259tli c\u0259nab Prezident, Sizi Az\u0259rbaycanda salamlama\u011fa \u015fadam. Bizim \u00f6lk\u0259miz\u0259 xo\u015f g\u0259lmisiniz. \u018fmin\u0259m ki, s\u0259f\u0259r \u00e7ox s\u0259m\u0259r\u0259li olacaq, yax\u015f\u0131 n\u0259tic\u0259l\u0259r ver\u0259c\u0259k. Biz b\u00fct\u00fcn sah\u0259l\u0259rd\u0259 f\u0259al qar\u015f\u0131l\u0131ql\u0131 \u0259laq\u0259 saxlamaq \u0259zmind\u0259yik. \u018fmin\u0259m ki, Sizin s\u0259f\u0259riniz bizim m\u00fcnasib\u0259tl\u0259rimizin daha da m\u00f6hk\u0259ml\u0259nm\u0259sin\u0259 xidm\u0259t ed\u0259c\u0259k, \u00e7oxlu s\u0259n\u0259dl\u0259r imzalanacaq. \u018flb\u0259tt\u0259, hesab edir\u0259m ki, h\u0259min s\u0259n\u0259dl\u0259rd\u0259n \u0259n \u0259sas\u0131 Strateji T\u0259r\u0259fda\u015fl\u0131q haqq\u0131nda B\u0259yannam\u0259dir. Bu, bizim m\u00fcnasib\u0259tl\u0259rimizi keyfiyy\u0259tc\u0259 yeni s\u0259viyy\u0259y\u0259 \u00e7atd\u0131racaq. Biz buna g\u00f6r\u0259 \u00e7ox \u015fad\u0131q. M\u00fcnasib\u0259tl\u0259rimizin m\u00f6hk\u0259m t\u0259m\u0259li var. Bu, xalqlar\u0131m\u0131z\u0131n qarda\u015fl\u0131q \u0259laq\u0259l\u0259ridir. Bu g\u00fcn biz d\u00f6vl\u0259tl\u0259raras\u0131 m\u00fcnasib\u0259tl\u0259ri bel\u0259 bir m\u00f6hk\u0259m t\u0259m\u0259l \u00fcz\u0259rind\u0259, bu prinsipl\u0259r \u0259sas\u0131nda qururuq.<\/span><\/p>\n<p><span style=\"color: #000000;\">G\u0259l\u0259n il biz diplomatik m\u00fcnasib\u0259tl\u0259r qurulmas\u0131n\u0131n 30 illiyini qeyd ed\u0259c\u0259yik. Bu, b\u00f6y\u00fck tarixdir, \u00e7ox i\u015f g\u00f6r\u00fcl\u00fcb, lakin h\u0259l\u0259 \u00e7ox i\u015f g\u00f6r\u00fclm\u0259lidir. \u018fmin\u0259m ki, h\u0259m beyn\u0259lxalq qurumlarda \u0259m\u0259kda\u015fl\u0131q \u00e7\u0259r\u00e7iv\u0259sind\u0259, h\u0259m d\u0259 ikit\u0259r\u0259fli formatda yeni nailiyy\u0259tl\u0259r, yeni n\u0259tic\u0259l\u0259r olacaq. Bu g\u00fcn biz qar\u015f\u0131l\u0131ql\u0131 iqtisadi f\u0259aliyy\u0259t, n\u0259qliyyat, \u00f6lk\u0259l\u0259rimiz aras\u0131nda \u0259mt\u0259\u0259 d\u00f6vriyy\u0259sinin art\u0131r\u0131lmas\u0131 v\u0259 \u0259lb\u0259tt\u0259, m\u00fcasir d\u00fcnyada x\u00fcsusi diqq\u0259t t\u0259l\u0259b ed\u0259n regional t\u0259hl\u00fck\u0259sizlik m\u0259s\u0259l\u0259l\u0259ri bar\u0259d\u0259 \u0259trafl\u0131 dan\u0131\u015faca\u011f\u0131q. D\u00fc\u015f\u00fcn\u00fcr\u0259m ki, bu m\u0259s\u0259l\u0259l\u0259r\u0259 dair fikir m\u00fcbadil\u0259si d\u0259 \u00e7ox faydal\u0131 olacaq.<\/span><\/p>\n<p><span style=\"color: #000000;\">Sizi bir daha salamlamaq ist\u0259yir\u0259m. T\u0259\u015f\u0259kk\u00fcr edir\u0259m ki, Az\u0259rbaycana r\u0259smi s\u0259f\u0259r bar\u0259d\u0259 d\u0259v\u0259timi q\u0259bul etmisiniz. \u00d6lk\u0259mizd\u0259 vaxt\u0131n\u0131z\u0131n yax\u015f\u0131 v\u0259 xo\u015f ke\u00e7m\u0259sini arzu edir\u0259m.<\/span><\/p>\n<p><span style=\"color: #000000;\">Q\u0131r\u011f\u0131z\u0131stan Prezidenti Sad\u0131r Japarov dedi:<\/span><\/p>\n<p><span style=\"color: #000000;\">-Sa\u011f olun, h\u00f6rm\u0259tli \u0130lham Heyd\u0259r o\u011flu. \u0130lk n\u00f6vb\u0259d\u0259, m\u0259ni Az\u0259rbaycan Respublikas\u0131na r\u0259smi s\u0259f\u0259r\u0259 d\u0259v\u0259t etdiyiniz\u0259 g\u00f6r\u0259 Siz\u0259 s\u0259mimi q\u0259lbd\u0259n minn\u0259tdaram. Qonaqp\u0259rv\u0259rliy\u0259 v\u0259 s\u0259mimi q\u0259bula g\u00f6r\u0259 t\u0259\u015f\u0259kk\u00fcr\u00fcm\u00fc bildirir\u0259m.<\/span><\/p>\n<p><span style=\"color: #000000;\">Vur\u011fulamaq laz\u0131md\u0131r ki, Q\u0131r\u011f\u0131z\u0131stan-Az\u0259rbaycan m\u00fcnasib\u0259tl\u0259rinin \u0259sas\u0131 beyn\u0259lxalq miqyasl\u0131 tarixi \u015f\u0259xsiyy\u0259t, Sizin atan\u0131z, m\u00f6ht\u0259r\u0259m Heyd\u0259r \u018fliyev t\u0259r\u0259find\u0259n qoyulub. O vaxtdan bizim aram\u0131zda, Q\u0131r\u011f\u0131z\u0131stan il\u0259 Az\u0259rbaycan aras\u0131nda \u00e7ox yax\u015f\u0131 m\u00fcnasib\u0259tl\u0259r var. Biz az\u0259rbaycanl\u0131 qarda\u015flar\u0131m\u0131zla \u0259m\u0259kda\u015fl\u0131\u011fa h\u0259mi\u015f\u0259 haz\u0131r\u0131q. \u0130caz\u0259 verin, qonaqp\u0259rv\u0259rliy\u0259 v\u0259 Sizinl\u0259 g\u00f6r\u00fc\u015fm\u0259k imkan\u0131 yaratd\u0131\u011f\u0131n\u0131za g\u00f6r\u0259 bir daha t\u0259\u015f\u0259kk\u00fcr\u00fcm\u00fc bildirim. Sa\u011f olun.<\/span><\/p>\n<p><span style=\"color: #000000;\">Prezident \u0130lham \u018fliyev: Sa\u011f olun.<\/span><\/p>\n<div class=\"wonderplugin-video\" style=\"width:600px;height:400px;position:relative;display:block;background-color:#000;overflow:hidden;max-width:100%;margin:0 auto;\" data-aspectratio=\"1.5\"><iframe loading=\"lazy\" class=\"wpve-iframe\" width=\"100%\" height=\"100%\" src=\"https:\/\/www.youtube.com\/embed\/sPqUc2y2SjI\" frameborder=\"0\" allowfullscreen><\/iframe><\/div>\n<p><a href=\"https:\/\/infonews.az\/\"><strong>\u201c\u0130NFONEWS\u201d<\/strong><\/a><\/p>\n","protected":false},"excerpt":{"rendered":"<p>Az\u0259rbaycan v\u0259 Q\u0131r\u011f\u0131z\u0131stan prezidentl\u0259rinin t\u0259kb\u0259t\u0259k g\u00f6r\u00fc\u015f\u00fc olub Aprelin 20-d\u0259 r\u0259smi qar\u015f\u0131lanma m\u0259rasimind\u0259n sonra Az\u0259rbaycan Respublikas\u0131n\u0131n Prezidenti \u0130lham \u018fliyevin Q\u0131r\u011f\u0131z Respublikas\u0131n\u0131n Prezidenti Sad\u0131r Japarov il\u0259 t\u0259kb\u0259t\u0259k g\u00f6r\u00fc\u015f\u00fc olub. Q\u0131r\u011f\u0131z\u0131stan Prezidentini salamlayan&hellip; <\/p>\n","protected":false},"author":3,"featured_media":20279,"comment_status":"open","ping_status":"open","sticky":false,"template":"","format":"standard","meta":{"_mi_skip_tracking":false,"_monsterinsights_sitenote_active":false,"_monsterinsights_sitenote_note":"","_monsterinsights_sitenote_category":0,"footnotes":""},"categories":[6,11],"tags":[13,1008,220,6923,448],"aioseo_notices":[],"_links":{"self":[{"href":"https:\/\/infonews.az\/index.php?rest_route=\/wp\/v2\/posts\/20278"}],"collection":[{"href":"https:\/\/infonews.az\/index.php?rest_route=\/wp\/v2\/posts"}],"about":[{"href":"https:\/\/infonews.az\/index.php?rest_route=\/wp\/v2\/types\/post"}],"author":[{"embeddable":true,"href":"https:\/\/infonews.az\/index.php?rest_route=\/wp\/v2\/users\/3"}],"replies":[{"embeddable":true,"href":"https:\/\/infonews.az\/index.php?rest_route=%2Fwp%2Fv2%2Fcomments&post=20278"}],"version-history":[{"count":1,"href":"https:\/\/infonews.az\/index.php?rest_route=\/wp\/v2\/posts\/20278\/revisions"}],"predecessor-version":[{"id":20280,"href":"https:\/\/infonews.az\/index.php?rest_route=\/wp\/v2\/posts\/20278\/revisions\/20280"}],"wp:featuredmedia":[{"embeddable":true,"href":"https:\/\/infonews.az\/index.php?rest_route=\/wp\/v2\/media\/20279"}],"wp:attachment":[{"href":"https:\/\/infonews.az\/index.php?rest_route=%2Fwp%2Fv2%2Fmedia&parent=20278"}],"wp:term":[{"taxonomy":"category","embeddable":true,"href":"https:\/\/infonews.az\/index.php?rest_route=%2Fwp%2Fv2%2Fcategories&post=20278"},{"taxonomy":"post_tag","embeddable":true,"href":"https:\/\/infonews.az\/index.php?rest_route=%2Fwp%2Fv2%2Ftags&post=20278"}],"curies":[{"name":"wp","href":"https:\/\/api.w.org\/{rel}","templated":true}]}}