{"id":20281,"date":"2022-04-20T11:38:49","date_gmt":"2022-04-20T07:38:49","guid":{"rendered":"https:\/\/infonews.az\/?p=20281"},"modified":"2022-04-20T23:17:23","modified_gmt":"2022-04-20T19:17:23","slug":"az%c9%99rbaycan-v%c9%99-qirgizistan-prezidentl%c9%99rinin-genis-t%c9%99rkibd%c9%99-gorusu-kecirilib","status":"publish","type":"post","link":"https:\/\/infonews.az\/?p=20281","title":{"rendered":"Az\u0259rbaycan v\u0259 Q\u0131r\u011f\u0131z\u0131stan prezidentl\u0259rinin geni\u015f t\u0259rkibd\u0259 g\u00f6r\u00fc\u015f\u00fc ke\u00e7irilib"},"content":{"rendered":"<p class=\"news_heading\"><span style=\"color: #ffffff;\">Az\u0259rbaycan v\u0259 Q\u0131r\u011f\u0131z\u0131stan prezidentl\u0259rinin geni\u015f t\u0259rkibd\u0259 g\u00f6r\u00fc\u015f\u00fc ke\u00e7irilib<\/span><\/p>\n<blockquote><p>Aprelin 20-d\u0259 Az\u0259rbaycan Respublikas\u0131n\u0131n Prezidenti \u0130lham \u018fliyevin v\u0259 Q\u0131r\u011f\u0131z Respublikas\u0131n\u0131n Prezidenti Sad\u0131r Japarovun geni\u015f t\u0259rkibd\u0259 g\u00f6r\u00fc\u015f\u00fc ke\u00e7irilib.<\/p><\/blockquote>\n<p>G\u00f6r\u00fc\u015fd\u0259 \u00e7\u0131x\u0131\u015f ed\u0259n Az\u0259rbaycan Prezidenti \u0130lham \u018fliyev dedi:<\/p>\n<p>-H\u00f6rm\u0259tli c\u0259nab Prezident, h\u00f6rm\u0259tli qonaqlar. Sizi Az\u0259rbaycanda bir daha salamlay\u0131ram. Bu g\u00fcn bizim ikit\u0259r\u0259fli m\u00fcnasib\u0259tl\u0259rd\u0259 \u00e7ox \u0259lam\u0259tdar g\u00fcnd\u00fcr \u2013 Q\u0131r\u011f\u0131z\u0131stan Prezidenti Az\u0259rbaycanda r\u0259smi s\u0259f\u0259rd\u0259dir. Biz Sizi salamlama\u011fa v\u0259 m\u00fcnasib\u0259tl\u0259rimizin inki\u015faf perspektivl\u0259rini m\u00fczakir\u0259 etm\u0259k imkan\u0131na g\u00f6r\u0259 \u00e7ox \u015fad\u0131q.<\/p>\n<p>C\u0259nab Prezidentl\u0259 biz ikit\u0259r\u0259fli g\u00fcnd\u0259lik, regional m\u0259s\u0259l\u0259l\u0259r bar\u0259d\u0259 fikir m\u00fcbadil\u0259si aparm\u0131\u015f\u0131q v\u0259 bu s\u0259f\u0259rd\u0259n istifad\u0259 ed\u0259r\u0259k maksimum n\u0259tic\u0259y\u0259 nail olmaq \u0259zmind\u0259yik. Bu g\u00fcn \u00e7oxlu s\u0259n\u0259dl\u0259r imzalanacaq. Bu bar\u0259d\u0259 biz art\u0131q dan\u0131\u015fm\u0131\u015f\u0131q. Bizim m\u00fcnasib\u0259tl\u0259r strateji t\u0259r\u0259fda\u015fl\u0131q s\u0259viyy\u0259sin\u0259 \u00e7at\u0131r. Bu, \u00e7ox \u0259lam\u0259tdar hadis\u0259dir, \u00e7\u00fcnki qar\u015f\u0131l\u0131ql\u0131 f\u0259aliyy\u0259td\u0259 oldu\u011fumuz 29 il \u0259rzind\u0259 biz, \u0259lb\u0259tt\u0259, bir s\u0131ra istiqam\u0259tl\u0259r \u00fczr\u0259 f\u0259al i\u015fl\u0259mi\u015fik, lakin m\u00fcnasib\u0259tl\u0259rimiz bu s\u0259viyy\u0259d\u0259 olmay\u0131b. Strateji t\u0259r\u0259fda\u015fl\u0131q h\u0259m b\u00f6y\u00fck \u00fcst\u00fcnl\u00fckl\u0259r, h\u0259m d\u0259 b\u00f6y\u00fck m\u0259suliyy\u0259t dem\u0259kdir. \u018fmin\u0259m ki, g\u0259l\u0259c\u0259kd\u0259 d\u0259 h\u0259mi\u015f\u0259, beyn\u0259lxalq qurumlarda da bir-birimizi d\u0259st\u0259kl\u0259y\u0259c\u0259k, ikit\u0259r\u0259fli planda f\u0259al i\u015fl\u0259y\u0259c\u0259yik.<\/p>\n<p>Bu g\u00fcn biz investisiya layih\u0259l\u0259ri il\u0259 ba\u011fl\u0131 \u00e7ox m\u0259s\u0259l\u0259l\u0259ri m\u00fczakir\u0259 etdik. Bu g\u00fcn geni\u015f t\u0259rkibd\u0259 g\u00f6r\u00fc\u015fd\u0259 bu bar\u0259d\u0259 daha \u0259trafl\u0131 dan\u0131\u015faca\u011f\u0131q \u2013 n\u0259qliyyat infrastrukturu il\u0259 ba\u011fl\u0131 m\u0259s\u0259l\u0259l\u0259r, bizim n\u0259qliyyat imkanlar\u0131m\u0131z\u0131 birl\u0259\u015fdirm\u0259yin m\u00fcmk\u00fcnl\u00fcy\u00fc. Biz Q\u0131r\u011f\u0131z\u0131standa v\u0259 Az\u0259rbaycanda h\u0259yata ke\u00e7irilmi\u015f layih\u0259l\u0259r v\u0259 onlar\u0131 qar\u015f\u0131l\u0131ql\u0131 faydal\u0131 \u015f\u0259kild\u0259 nec\u0259 \u0259laq\u0259l\u0259ndirm\u0259yin m\u00fcmk\u00fcn olmas\u0131 bar\u0259d\u0259 fikir m\u00fcbadil\u0259si aparm\u0131\u015f\u0131q. K\u0259nd t\u0259s\u0259rr\u00fcfat\u0131nda \u0259m\u0259kda\u015fl\u0131\u011f\u0131n inki\u015faf\u0131 il\u0259 ba\u011fl\u0131 m\u0259s\u0259l\u0259l\u0259ri d\u0259 m\u00fczakir\u0259 etmi\u015fik. Burada da b\u00f6y\u00fck perspektivl\u0259r var. Y\u0259ni, m\u0259s\u0259l\u0259l\u0259rin \u0259hat\u0259 dair\u0259si geni\u015fdir.<\/p>\n<p>\u018fmin\u0259m ki, biz s\u0259f\u0259rin yekunlar\u0131na \u0259sas\u0259n \u0259ld\u0259 edilmi\u015f raz\u0131la\u015fmalar\u0131n realla\u015fmas\u0131 \u00fc\u00e7\u00fcn konkret proqram m\u00fc\u0259yy\u0259n ed\u0259c\u0259yik. \u018flb\u0259tt\u0259, d\u00fc\u015f\u00fcn\u00fcr\u0259m ki, lap yax\u0131n vaxtlarda h\u00f6kum\u0259tl\u0259raras\u0131 komissiyan\u0131n iclas\u0131n\u0131 ke\u00e7irm\u0259k laz\u0131m olacaq. H\u0259min komissiya sonuncu d\u0259f\u0259 \u00fc\u00e7 il bundan \u0259vv\u0259l iclas ke\u00e7irib. Fikrimc\u0259, s\u0259f\u0259rin yekunlar\u0131na \u0259sas\u0259n prezidentl\u0259rin ver\u0259c\u0259yi tap\u015f\u0131r\u0131qlar da m\u0259hz h\u0259min h\u00f6kum\u0259tl\u0259raras\u0131 komissiyan\u0131n iclas\u0131 \u00e7\u0259r\u00e7iv\u0259sind\u0259 n\u0259z\u0259rd\u0259n ke\u00e7irilm\u0259lidir.<\/p>\n<p>Bel\u0259likl\u0259, h\u00f6rm\u0259tli c\u0259nab Prezident, Sizi bir daha \u00fcr\u0259kd\u0259n salamlay\u0131ram. Xo\u015f g\u0259lmisiniz. Az\u0259rbaycanda vaxt\u0131n\u0131z\u0131n yax\u015f\u0131 v\u0259 xo\u015f ke\u00e7m\u0259sini arzu edir\u0259m.<\/p>\n<p>X X X<\/p>\n<p>Q\u0131r\u011f\u0131z\u0131stan Prezidenti Sad\u0131r Japarov dedi:<\/p>\n<p>-Sa\u011f olun, h\u00f6rm\u0259tli \u0130lham Heyd\u0259r o\u011flu. H\u00f6rm\u0259tli n\u00fcmay\u0259nd\u0259 hey\u0259tinin \u00fczvl\u0259ri.<\/p>\n<p>\u0130lk n\u00f6vb\u0259d\u0259, m\u0259ni Az\u0259rbaycan Respublikas\u0131na r\u0259smi s\u0259f\u0259r\u0259 d\u0259v\u0259t etdiyiniz\u0259 g\u00f6r\u0259 Siz\u0259 s\u0259mimi q\u0259lbd\u0259n minn\u0259tdaram. Az\u0259rbaycanl\u0131 qarda\u015flar\u0131m\u0131z t\u0259r\u0259find\u0259n \u0259n\u0259n\u0259vi qonaqp\u0259rv\u0259rliy\u0259 v\u0259 s\u0259mimi q\u0259bula g\u00f6r\u0259 bizim n\u00fcmay\u0259nd\u0259 hey\u0259ti ad\u0131ndan t\u0259\u015f\u0259kk\u00fcr\u00fcm\u00fc bildirir\u0259m. Fikrimc\u0259, r\u0259mzi hald\u0131r ki, bizim bug\u00fcnk\u00fc g\u00f6r\u00fc\u015f\u00fcm\u00fcz Q\u0131r\u011f\u0131z Respublikas\u0131 il\u0259 Az\u0259rbaycan Respublikas\u0131 aras\u0131nda Dostluq v\u0259 \u018fm\u0259kda\u015fl\u0131q Haqq\u0131nda M\u00fcqavil\u0259nin 25 illiyi v\u0259 Q\u0131r\u011f\u0131z Respublikas\u0131 il\u0259 Az\u0259rbaycan Respublikas\u0131 aras\u0131nda diplomatik m\u00fcnasib\u0259tl\u0259r qurulmas\u0131n\u0131n 30-cu ild\u00f6n\u00fcm\u00fc \u0259r\u0259f\u0259sind\u0259 ke\u00e7irilir. Vur\u011fulamaq laz\u0131md\u0131r ki, Q\u0131r\u011f\u0131z\u0131stan-Az\u0259rbaycan qar\u015f\u0131l\u0131ql\u0131 m\u00fcnasib\u0259tl\u0259rinin \u0259sas\u0131 beyn\u0259lxalq miqyasl\u0131 tarixi \u015f\u0259xsiyy\u0259t, Az\u0259rbaycan\u0131n \u00fcmummilli lideri m\u00f6ht\u0259r\u0259m Heyd\u0259r \u018fliyev t\u0259r\u0259find\u0259n qoyulub.<\/p>\n<p>H\u00f6rm\u0259tli \u0130lham Heyd\u0259r o\u011flu, icaz\u0259 verin, varisliyi qoruyub saxlad\u0131\u011f\u0131n\u0131za g\u00f6r\u0259 Siz\u0259 minn\u0259tdarl\u0131\u011f\u0131m\u0131 bildirim. Bu varislik say\u0259sind\u0259 bizim m\u00fcnasib\u0259tl\u0259rimiz bu g\u00fcn d\u0259 u\u011furla inki\u015faf edir. Hesab edir\u0259m ki, bizim m\u00fcasir Q\u0131r\u011f\u0131z\u0131stan-Az\u0259rbaycan m\u00fcnasib\u0259tl\u0259rinin qurdu\u011fumuz etibarl\u0131 t\u0259m\u0259li olmasayd\u0131, qar\u015f\u0131l\u0131ql\u0131 \u0259laq\u0259l\u0259rimizin f\u0259all\u0131\u011f\u0131 m\u00fcmk\u00fcn olmazd\u0131. Bu, xalqlar\u0131m\u0131z aras\u0131nda d\u0259rin tarixi v\u0259 m\u0259n\u0259vi \u0259laq\u0259l\u0259rdir. Bu bax\u0131mdan m\u0259mnunluqla qeyd edirik ki, iki \u00f6lk\u0259 aras\u0131nda h\u0259r hans\u0131 siyasi ziddiyy\u0259t yoxdur. Buna g\u00f6r\u0259 biz bu \u0259lveri\u015fli \u015f\u0259raitd\u0259n istifad\u0259 etm\u0259y\u0259 v\u0259 qurucu s\u0259yl\u0259rimizi birl\u0259\u015fdir\u0259r\u0259k iki \u00f6lk\u0259nin qarda\u015f xalqlar\u0131 namin\u0259 \u0259m\u0259kda\u015fl\u0131\u011f\u0131m\u0131z\u0131 geni\u015fl\u0259ndirm\u0259y\u0259 borcluyuq.<\/p>\n<p>Bu g\u00fcn d\u00fcnyada ba\u015f ver\u0259n d\u0259rin d\u0259yi\u015fiklikl\u0259r biz\u0259 yeni tipli m\u00fcnasib\u0259tl\u0259r qurmaq \u00fc\u00e7\u00fcn tarixi \u015fans verir. Bu m\u00fcnasib\u0259tl\u0259rin \u0259sas\u0131 l\u0259yaq\u0259t v\u0259 \u015f\u0259r\u0259f kimi \u0259z\u0259li t\u00fcrk d\u0259y\u0259rl\u0259ridir.<\/p>\n<p>H\u00f6rm\u0259tli \u0130lham Heyd\u0259r o\u011flu, Sizin fikriniz\u0259 \u015f\u0259rik\u0259m ki, bizim ticari-iqtisadi sah\u0259d\u0259 \u0259m\u0259li \u0259m\u0259kda\u015fl\u0131q \u00fc\u00e7\u00fcn geni\u015f imkanlar\u0131m\u0131z var. Bu g\u00fcn biz iqtisadiyyat\u0131m\u0131z\u0131n liberalla\u015fd\u0131r\u0131lmas\u0131na y\u00f6n\u0259lmi\u015f add\u0131mlar at\u0131r\u0131q. \u0130nvestisiya qanunvericiliyi t\u0259kmill\u0259\u015fdirilir, bununla \u0259laq\u0259dar Q\u0131r\u011f\u0131z Respublikas\u0131n\u0131n dig\u0259r \u00f6lk\u0259l\u0259rl\u0259 investisiya \u0259m\u0259kda\u015fl\u0131\u011f\u0131 f\u0259alla\u015f\u0131r. Odur ki, biz Az\u0259rbaycan\u0131n biznes dair\u0259l\u0259rini bizim \u00f6lk\u0259d\u0259 investisiya imkanlar\u0131n\u0131 f\u0259al \u00f6yr\u0259nm\u0259y\u0259 v\u0259 azad iqtisadi zonalar\u0131n, g\u00fcz\u0259\u015ftli vergi v\u0259 g\u00f6mr\u00fck rejiml\u0259rinin \u00f6yr\u0259nilm\u0259sin\u0259 diqq\u0259ti art\u0131rma\u011fa d\u0259v\u0259t edirik. \u015e\u00fcbh\u0259siz, bu, \u00f6lk\u0259l\u0259rimiz aras\u0131nda i\u015fg\u00fczar \u0259m\u0259kda\u015fl\u0131\u011f\u0131n f\u0259alla\u015fmas\u0131na k\u00f6m\u0259k ed\u0259c\u0259k.<\/p>\n<p>F\u0259al m\u0259d\u0259ni-humanitar \u0259m\u0259kda\u015fl\u0131q vasit\u0259sil\u0259 \u00f6lk\u0259l\u0259rimizin xalqlar\u0131n\u0131n qar\u015f\u0131l\u0131ql\u0131 z\u0259nginl\u0259\u015fm\u0259sini qeyd etm\u0259y\u0259 \u015fadam. M\u0259d\u0259niyy\u0259t xadiml\u0259ri m\u00fcnt\u0259z\u0259m m\u00fcbadil\u0259l\u0259r edir, xalqlar\u0131m\u0131z aras\u0131nda \u0259sl dostluq k\u00f6rp\u00fcl\u0259rinin m\u00f6hk\u0259ml\u0259nm\u0259sin\u0259 k\u00f6m\u0259k edirl\u0259r. Bundan \u0259lav\u0259, \u00f6lk\u0259l\u0259rimiz BMT, AT\u018fT, T\u00fcrk D\u00f6vl\u0259tl\u0259ri T\u0259\u015fkilat\u0131, \u0130slam \u018fm\u0259kda\u015fl\u0131q T\u0259\u015fkilat\u0131, MDB v\u0259 Qo\u015fulmama H\u0259r\u0259kat\u0131 kimi beyn\u0259lxalq t\u0259\u015fkilatlar \u00e7\u0259r\u00e7iv\u0259sind\u0259 \u00e7oxt\u0259r\u0259fli formatda s\u0131x qar\u015f\u0131l\u0131ql\u0131 f\u0259aliyy\u0259t g\u00f6st\u0259rir. Q\u0131r\u011f\u0131z\u0131stan \u015eanxay \u018fm\u0259kda\u015fl\u0131q T\u0259\u015fkilat\u0131nda Az\u0259rbaycan\u0131n statusunun m\u00fc\u015fahid\u0259\u00e7i s\u0259viyy\u0259sin\u0259 q\u0259d\u0259r art\u0131r\u0131lmas\u0131n\u0131 h\u0259rt\u0259r\u0259fli d\u0259st\u0259kl\u0259yir.<\/p>\n<p>H\u00f6rm\u0259tli \u0130lham Heyd\u0259r o\u011flu, bu g\u00fcn bizim qar\u015f\u0131l\u0131ql\u0131 m\u00fcnasib\u0259tl\u0259rimizin keyfiyy\u0259tc\u0259 yeni s\u0259viyy\u0259y\u0259 \u00e7atd\u0131r\u0131lmas\u0131 \u00fc\u00e7\u00fcn h\u0259r c\u00fcr \u015f\u0259rait yaran\u0131b. Bununla \u0259laq\u0259dar, Q\u0131r\u011f\u0131z\u0131stan\u0131n iki d\u00f6vl\u0259t aras\u0131nda strateji t\u0259r\u0259fda\u015fl\u0131q m\u00fcnasib\u0259tl\u0259ri qurulmas\u0131 bar\u0259d\u0259 t\u0259\u015f\u0259bb\u00fcs\u00fcn\u00fc d\u0259st\u0259kl\u0259diyiniz\u0259 g\u00f6r\u0259 Siz\u0259 s\u0259mimi q\u0259lbd\u0259n t\u0259\u015f\u0259kk\u00fcr edir\u0259m. \u018fmin\u0259m ki, bu g\u00fcn yarad\u0131lan d\u00f6vl\u0259tl\u0259raras\u0131 \u015fura h\u00f6km\u0259n \u00f6lk\u0259l\u0259rimiz aras\u0131nda \u0259m\u0259kda\u015fl\u0131\u011f\u0131n daha da geni\u015fl\u0259nm\u0259sin\u0259 v\u0259 m\u00f6hk\u0259ml\u0259nm\u0259sin\u0259 \u015f\u0259rait yaradacaq.<\/p>\n<p>Bizim b\u00f6y\u00fck yaz\u0131\u00e7\u0131m\u0131z \u00c7ingiz Aytmatov deyirdi: \u201cOkeana b\u0259nz\u0259y\u0259n \u201cManas\u201d eposu \u0259srl\u0259rin d\u0259rinliyind\u0259n g\u0259l\u0259n q\u0131r\u011f\u0131z m\u0259n\u0259vi irsinin parlaq zirv\u0259sidir. Bu, d\u00fcnya miqyasl\u0131 \u0259n iri eposdur, onun apar\u0131c\u0131 m\u00f6vzusu is\u0259 birlikdir. Onun d\u0259y\u0259rl\u0259ri bizim \u015f\u00fcurumuzda d\u0259rin k\u00f6k sal\u0131b, buna g\u00f6r\u0259 d\u0259 biz birliyi, \u015f\u0259r\u0259fi, \u0259dal\u0259ti d\u0259rind\u0259n qiym\u0259tl\u0259ndirir v\u0259 ona ehtiram b\u0259sl\u0259yirik\u201d. Biz bu d\u0259y\u0259rl\u0259r \u0259sas\u0131nda az\u0259rbaycanl\u0131 qarda\u015flar\u0131m\u0131zla s\u0259m\u0259r\u0259li i\u015f\u0259 haz\u0131r\u0131q v\u0259 inan\u0131r\u0131q ki, birlikd\u0259 daha yax\u015f\u0131 d\u00fcnya qurulmas\u0131na \u00f6z t\u00f6hf\u0259mizi ver\u0259c\u0259yik. Bundan \u00f6tr\u00fc bizim h\u0259r c\u00fcr ilkin \u015f\u0259raitimiz var. \u201cManas\u201d eposunun 1000 illik yubileyi il\u0259 ba\u011fl\u0131 \u015f\u0259nlikl\u0259rd\u0259 m\u00f6ht\u0259r\u0259m Heyd\u0259r \u018fliyev demi\u015fdi: \u201cBiz bir-birimizi q\u0259lb\u0259n hiss edir v\u0259 ba\u015fa d\u00fc\u015f\u00fcr\u00fck\u201d.<\/p>\n<p>\u0130caz\u0259 verin, qonaqp\u0259rv\u0259rliy\u0259 v\u0259 Sizinl\u0259 geni\u015f t\u0259rkibd\u0259 g\u00f6r\u00fc\u015fm\u0259k imkan\u0131na g\u00f6r\u0259 bir daha s\u0259mimi t\u0259\u015f\u0259kk\u00fcr\u00fcm\u00fc bildirim. \u00c7ox sa\u011f olun.<\/p>\n<p>Prezident \u0130lham \u018fliyev: Sa\u011f olun.<\/p>\n<div class=\"wonderplugin-video\" style=\"width:600px;height:400px;position:relative;display:block;background-color:#000;overflow:hidden;max-width:100%;margin:0 auto;\" data-aspectratio=\"1.5\"><iframe loading=\"lazy\" class=\"wpve-iframe\" width=\"100%\" height=\"100%\" src=\"https:\/\/www.youtube.com\/embed\/8D69q9Dmx-M\" frameborder=\"0\" allowfullscreen><\/iframe><\/div>\n<p><a href=\"https:\/\/infonews.az\/\"><strong>\u201c\u0130NFONEWS\u201d<\/strong><\/a><\/p>\n","protected":false},"excerpt":{"rendered":"<p>Az\u0259rbaycan v\u0259 Q\u0131r\u011f\u0131z\u0131stan prezidentl\u0259rinin geni\u015f t\u0259rkibd\u0259 g\u00f6r\u00fc\u015f\u00fc ke\u00e7irilib Aprelin 20-d\u0259 Az\u0259rbaycan Respublikas\u0131n\u0131n Prezidenti \u0130lham \u018fliyevin v\u0259 Q\u0131r\u011f\u0131z Respublikas\u0131n\u0131n Prezidenti Sad\u0131r Japarovun geni\u015f t\u0259rkibd\u0259 g\u00f6r\u00fc\u015f\u00fc ke\u00e7irilib. G\u00f6r\u00fc\u015fd\u0259 \u00e7\u0131x\u0131\u015f ed\u0259n Az\u0259rbaycan Prezidenti&hellip; <\/p>\n","protected":false},"author":3,"featured_media":20282,"comment_status":"open","ping_status":"open","sticky":false,"template":"","format":"standard","meta":{"_mi_skip_tracking":false,"_monsterinsights_sitenote_active":false,"_monsterinsights_sitenote_note":"","_monsterinsights_sitenote_category":0,"footnotes":""},"categories":[6,11],"tags":[13,1008,220,6923,448],"aioseo_notices":[],"_links":{"self":[{"href":"https:\/\/infonews.az\/index.php?rest_route=\/wp\/v2\/posts\/20281"}],"collection":[{"href":"https:\/\/infonews.az\/index.php?rest_route=\/wp\/v2\/posts"}],"about":[{"href":"https:\/\/infonews.az\/index.php?rest_route=\/wp\/v2\/types\/post"}],"author":[{"embeddable":true,"href":"https:\/\/infonews.az\/index.php?rest_route=\/wp\/v2\/users\/3"}],"replies":[{"embeddable":true,"href":"https:\/\/infonews.az\/index.php?rest_route=%2Fwp%2Fv2%2Fcomments&post=20281"}],"version-history":[{"count":1,"href":"https:\/\/infonews.az\/index.php?rest_route=\/wp\/v2\/posts\/20281\/revisions"}],"predecessor-version":[{"id":20283,"href":"https:\/\/infonews.az\/index.php?rest_route=\/wp\/v2\/posts\/20281\/revisions\/20283"}],"wp:featuredmedia":[{"embeddable":true,"href":"https:\/\/infonews.az\/index.php?rest_route=\/wp\/v2\/media\/20282"}],"wp:attachment":[{"href":"https:\/\/infonews.az\/index.php?rest_route=%2Fwp%2Fv2%2Fmedia&parent=20281"}],"wp:term":[{"taxonomy":"category","embeddable":true,"href":"https:\/\/infonews.az\/index.php?rest_route=%2Fwp%2Fv2%2Fcategories&post=20281"},{"taxonomy":"post_tag","embeddable":true,"href":"https:\/\/infonews.az\/index.php?rest_route=%2Fwp%2Fv2%2Ftags&post=20281"}],"curies":[{"name":"wp","href":"https:\/\/api.w.org\/{rel}","templated":true}]}}