{"id":20349,"date":"2022-04-21T16:29:35","date_gmt":"2022-04-21T12:29:35","guid":{"rendered":"https:\/\/infonews.az\/?p=20349"},"modified":"2022-04-22T00:10:19","modified_gmt":"2022-04-21T20:10:19","slug":"bu-s%c9%99xsl%c9%99r-az%c9%99rbaycan-respublikasi-prezidentinin-f%c9%99xri-diplomu-il%c9%99-t%c9%99ltif-edilib","status":"publish","type":"post","link":"https:\/\/infonews.az\/?p=20349","title":{"rendered":"Bu \u015f\u0259xsl\u0259r \u201cAz\u0259rbaycan Respublikas\u0131 Prezidentinin f\u0259xri diplomu\u201d il\u0259 t\u0259ltif edilib"},"content":{"rendered":"<p><span style=\"color: #ffffff;\">Bu \u015f\u0259xsl\u0259r \u201cAz\u0259rbaycan Respublikas\u0131 Prezidentinin f\u0259xri diplomu\u201d il\u0259 t\u0259ltif edilib<\/span><\/p>\n<blockquote>\n<p class=\"news_heading\"><span style=\"color: #000000;\">B.Q.K\u0259rimovun v\u0259 Y.B.Musayevin \u201cAz\u0259rbaycan Respublikas\u0131 Prezidentinin f\u0259xri diplomu\u201d il\u0259 t\u0259ltif edilib.<\/span><\/p>\n<\/blockquote>\n<p><a href=\"https:\/\/infonews.az\/\"><strong>\u201c\u0130NFONEWS\u201d<\/strong><\/a>\u00a0<span style=\"color: #000000;\">x\u0259b\u0259r verir ki, Az\u0259rbaycan Respublikas\u0131 Prezidenti \u0130lham \u018fliyev bununla ba\u011fl\u0131 S\u0259r\u0259ncam imzalay\u0131b.<\/span><\/p>\n<p><span style=\"color: #000000;\">S\u0259r\u0259ncamda deyilir:\u00a0<\/span><\/p>\n<p><span style=\"color: #000000;\">Az\u0259rbaycan Respublikas\u0131 Konstitusiyas\u0131n\u0131n 109-cu madd\u0259sinin 32-ci b\u0259ndini r\u0259hb\u0259r tutaraq q\u0259rara al\u0131ram:<\/span><\/p>\n<p><span style=\"color: #000000;\">Az\u0259rbaycan diasporunun inki\u015faf\u0131nda xidm\u0259tl\u0259rin\u0259 g\u00f6r\u0259 B\u0259xtiyar Qulu o\u011flu K\u0259rimov v\u0259 Ya\u015far Balab\u0259y o\u011flu Musayev \u201cAz\u0259rbaycan Respublikas\u0131 Prezidentinin f\u0259xri diplomu\u201d il\u0259 t\u0259ltif edilsin.<\/span><\/p>\n<p><span style=\"color: #000000;\">\u0130lham \u018fliyev<\/span><\/p>\n<p><span style=\"color: #000000;\">Az\u0259rbaycan Respublikas\u0131n\u0131n Prezidenti<\/span><\/p>\n<p><span style=\"color: #000000;\">Bak\u0131 \u015f\u0259h\u0259ri, 21 aprel 2022-ci il<\/span><\/p>\n","protected":false},"excerpt":{"rendered":"<p>Bu \u015f\u0259xsl\u0259r \u201cAz\u0259rbaycan Respublikas\u0131 Prezidentinin f\u0259xri diplomu\u201d il\u0259 t\u0259ltif edilib B.Q.K\u0259rimovun v\u0259 Y.B.Musayevin \u201cAz\u0259rbaycan Respublikas\u0131 Prezidentinin f\u0259xri diplomu\u201d il\u0259 t\u0259ltif edilib. \u201c\u0130NFONEWS\u201d\u00a0x\u0259b\u0259r verir ki, Az\u0259rbaycan Respublikas\u0131 Prezidenti \u0130lham \u018fliyev bununla&hellip; <\/p>\n","protected":false},"author":3,"featured_media":1135,"comment_status":"open","ping_status":"open","sticky":false,"template":"","format":"standard","meta":{"_mi_skip_tracking":false,"_monsterinsights_sitenote_active":false,"_monsterinsights_sitenote_note":"","_monsterinsights_sitenote_category":0,"footnotes":""},"categories":[6,11],"tags":[6943,6944,20,34,6945],"aioseo_notices":[],"_links":{"self":[{"href":"https:\/\/infonews.az\/index.php?rest_route=\/wp\/v2\/posts\/20349"}],"collection":[{"href":"https:\/\/infonews.az\/index.php?rest_route=\/wp\/v2\/posts"}],"about":[{"href":"https:\/\/infonews.az\/index.php?rest_route=\/wp\/v2\/types\/post"}],"author":[{"embeddable":true,"href":"https:\/\/infonews.az\/index.php?rest_route=\/wp\/v2\/users\/3"}],"replies":[{"embeddable":true,"href":"https:\/\/infonews.az\/index.php?rest_route=%2Fwp%2Fv2%2Fcomments&post=20349"}],"version-history":[{"count":1,"href":"https:\/\/infonews.az\/index.php?rest_route=\/wp\/v2\/posts\/20349\/revisions"}],"predecessor-version":[{"id":20350,"href":"https:\/\/infonews.az\/index.php?rest_route=\/wp\/v2\/posts\/20349\/revisions\/20350"}],"wp:featuredmedia":[{"embeddable":true,"href":"https:\/\/infonews.az\/index.php?rest_route=\/wp\/v2\/media\/1135"}],"wp:attachment":[{"href":"https:\/\/infonews.az\/index.php?rest_route=%2Fwp%2Fv2%2Fmedia&parent=20349"}],"wp:term":[{"taxonomy":"category","embeddable":true,"href":"https:\/\/infonews.az\/index.php?rest_route=%2Fwp%2Fv2%2Fcategories&post=20349"},{"taxonomy":"post_tag","embeddable":true,"href":"https:\/\/infonews.az\/index.php?rest_route=%2Fwp%2Fv2%2Ftags&post=20349"}],"curies":[{"name":"wp","href":"https:\/\/api.w.org\/{rel}","templated":true}]}}