{"id":20363,"date":"2022-04-21T15:57:31","date_gmt":"2022-04-21T11:57:31","guid":{"rendered":"https:\/\/infonews.az\/?p=20363"},"modified":"2022-04-22T10:22:47","modified_gmt":"2022-04-22T06:22:47","slug":"unec-in-sabah-m%c9%99rk%c9%99zinin-r%c9%99hb%c9%99ri-beyn%c9%99lxalq-konfransda-t%c9%99msil-olunacaq","status":"publish","type":"post","link":"https:\/\/infonews.az\/?p=20363","title":{"rendered":"UNEC-in SABAH m\u0259rk\u0259zinin r\u0259hb\u0259ri beyn\u0259lxalq konfransda t\u0259msil olunacaq"},"content":{"rendered":"<p><span style=\"color: #ffffff;\">UNEC-in SABAH m\u0259rk\u0259zinin r\u0259hb\u0259ri beyn\u0259lxalq konfransda t\u0259msil olunacaq<\/span><\/p>\n<blockquote><p><span style=\"color: #000000;\">UNEC-in SABAH M\u0259rk\u0259zinin r\u0259hb\u0259ri dosent Aida Quliyeva m\u0259qal\u0259l\u0259ri Scopus bazas\u0131nda indeksl\u0259\u015f\u0259n beyn\u0259lxalq konfrans\u0131n Elm komit\u0259sinin n\u00f6vb\u0259ti d\u0259f\u0259 \u00fczv\u00fc se\u00e7ilib.<\/span><\/p><\/blockquote>\n<p><span style=\"color: #000000;\">Az\u0259rbaycan D\u00f6vl\u0259t \u0130qtisad Universitetind\u0259n (UNEC)\u00a0<a href=\"https:\/\/infonews.az\/\"><strong>\u201c\u0130NFONEWS\u201d<\/strong><\/a>-a veril\u0259n m\u0259lumata g\u00f6r\u0259, \u00c7exiya Respublikas\u0131n\u0131n \u201cLiderlik\u201d m\u00f6vzusuna h\u0259sr olunan illik 8-ci Beyn\u0259lxalq konfrans\u0131 iyunun 25-26-da Praqa \u015f\u0259h\u0259rind\u0259 t\u0259\u015fkil olunacaq. Konfrans\u0131n Elm komit\u0259sind\u0259 Az\u0259rbaycanla yana\u015f\u0131, Pol\u015fa, Kolumbiya v\u0259 \u00c7in Xalq Respublikas\u0131n\u0131n n\u00fcmay\u0259nd\u0259l\u0259ri d\u0259 t\u0259msil olunur.<\/span><\/p>\n","protected":false},"excerpt":{"rendered":"<p>UNEC-in SABAH m\u0259rk\u0259zinin r\u0259hb\u0259ri beyn\u0259lxalq konfransda t\u0259msil olunacaq UNEC-in SABAH M\u0259rk\u0259zinin r\u0259hb\u0259ri dosent Aida Quliyeva m\u0259qal\u0259l\u0259ri Scopus bazas\u0131nda indeksl\u0259\u015f\u0259n beyn\u0259lxalq konfrans\u0131n Elm komit\u0259sinin n\u00f6vb\u0259ti d\u0259f\u0259 \u00fczv\u00fc se\u00e7ilib. Az\u0259rbaycan D\u00f6vl\u0259t \u0130qtisad&hellip; <\/p>\n","protected":false},"author":3,"featured_media":20384,"comment_status":"open","ping_status":"open","sticky":false,"template":"","format":"standard","meta":{"_mi_skip_tracking":false,"_monsterinsights_sitenote_active":false,"_monsterinsights_sitenote_note":"","_monsterinsights_sitenote_category":0,"footnotes":""},"categories":[11,3],"tags":[6950,47,735,6951],"aioseo_notices":[],"_links":{"self":[{"href":"https:\/\/infonews.az\/index.php?rest_route=\/wp\/v2\/posts\/20363"}],"collection":[{"href":"https:\/\/infonews.az\/index.php?rest_route=\/wp\/v2\/posts"}],"about":[{"href":"https:\/\/infonews.az\/index.php?rest_route=\/wp\/v2\/types\/post"}],"author":[{"embeddable":true,"href":"https:\/\/infonews.az\/index.php?rest_route=\/wp\/v2\/users\/3"}],"replies":[{"embeddable":true,"href":"https:\/\/infonews.az\/index.php?rest_route=%2Fwp%2Fv2%2Fcomments&post=20363"}],"version-history":[{"count":1,"href":"https:\/\/infonews.az\/index.php?rest_route=\/wp\/v2\/posts\/20363\/revisions"}],"predecessor-version":[{"id":20365,"href":"https:\/\/infonews.az\/index.php?rest_route=\/wp\/v2\/posts\/20363\/revisions\/20365"}],"wp:featuredmedia":[{"embeddable":true,"href":"https:\/\/infonews.az\/index.php?rest_route=\/wp\/v2\/media\/20384"}],"wp:attachment":[{"href":"https:\/\/infonews.az\/index.php?rest_route=%2Fwp%2Fv2%2Fmedia&parent=20363"}],"wp:term":[{"taxonomy":"category","embeddable":true,"href":"https:\/\/infonews.az\/index.php?rest_route=%2Fwp%2Fv2%2Fcategories&post=20363"},{"taxonomy":"post_tag","embeddable":true,"href":"https:\/\/infonews.az\/index.php?rest_route=%2Fwp%2Fv2%2Ftags&post=20363"}],"curies":[{"name":"wp","href":"https:\/\/api.w.org\/{rel}","templated":true}]}}