{"id":2037,"date":"2021-01-08T21:32:49","date_gmt":"2021-01-08T17:32:49","guid":{"rendered":"https:\/\/infonews.az\/?p=2037"},"modified":"2021-01-08T21:32:49","modified_gmt":"2021-01-08T17:32:49","slug":"z%c9%99f%c9%99r-muzeyi-v%c9%99-memorial-kompleksl%c9%99-bagli-isl%c9%99r%c9%99-baslanilib","status":"publish","type":"post","link":"https:\/\/infonews.az\/?p=2037","title":{"rendered":"Z\u0259f\u0259r muzeyi v\u0259 memorial kompleksl\u0259 ba\u011fl\u0131 i\u015fl\u0259r\u0259 ba\u015flan\u0131l\u0131b"},"content":{"rendered":"<p>\u0130NFONEWS &#8220;Trend&#8221; -\u0259 istinad\u0259n x\u0259b\u0259r verir ki,\u00a0V\u0259t\u0259n m\u00fcharib\u0259si memorial kompleksi v\u0259 Z\u0259f\u0259r muzeyinin m\u0259zmununun haz\u0131rlanmas\u0131 v\u0259 bununla ba\u011fl\u0131 m\u00fcvafiq materiallar\u0131n toplanmas\u0131 i\u015fin\u0259 ba\u015flan\u0131l\u0131b.<\/p>\n<p>Bu bar\u0259d\u0259 M\u0259d\u0259niyy\u0259t Nazirliyind\u0259n bildiribl\u0259r.<\/p>\n<p>Qeyd olunub ki, T\u0259dbirl\u0259r Plan\u0131n\u0131n ilkin layih\u0259si Nazirl\u0259r Kabinetin\u0259 t\u0259qdim edilib:<\/p>\n<p>&#8220;Bildiyiniz kimi, Prezident \u0130lham \u018fliyevin imzalad\u0131\u011f\u0131 s\u0259r\u0259ncamda M\u0259d\u0259niyy\u0259t Nazirliyin\u0259 Bak\u0131 \u015e\u0259h\u0259r \u0130cra Hakimiyy\u0259ti il\u0259 birlikd\u0259 V\u0259t\u0259n m\u00fcharib\u0259si memorial kompleksi v\u0259 Z\u0259f\u0259r muzeyinin yeri v\u0259 layih\u0259l\u0259ndirilm\u0259si il\u0259 ba\u011fl\u0131 t\u0259klifl\u0259rin haz\u0131rlanaraq iki ay m\u00fcdd\u0259tind\u0259 Nazirl\u0259r Kabinetin\u0259 t\u0259qdim edilm\u0259si tap\u015f\u0131r\u0131lm\u0131\u015fd\u0131r.<\/p>\n<p>Haz\u0131rda M\u0259d\u0259niyy\u0259t Nazirliyi t\u0259r\u0259find\u0259n bu istiqam\u0259td\u0259 i\u015fl\u0259r apar\u0131l\u0131r. Eyni zamanda, Nazirlik t\u0259r\u0259find\u0259n V\u0259t\u0259n m\u00fcharib\u0259si memorial kompleksi v\u0259 Z\u0259f\u0259r muzeyinin m\u0259zmununun haz\u0131rlanmas\u0131 v\u0259 bununla ba\u011fl\u0131 m\u00fcvafiq materiallar\u0131n toplanmas\u0131 i\u015fin\u0259 ba\u015flan\u0131l\u0131b. Bel\u0259 ki, laz\u0131m olan materiallar\u0131n y\u0131\u011f\u0131lmas\u0131 \u00fczr\u0259 T\u0259dbirl\u0259r Plan\u0131n\u0131n ilkin layih\u0259si v\u0259 bununla \u0259laq\u0259dar yarad\u0131lacaq \u0130\u015f\u00e7i Qrupunun t\u0259rkibin\u0259 daxil edilm\u0259li d\u00f6vl\u0259t qurumlar\u0131n\u0131n siyah\u0131s\u0131 t\u0259rtib edilib v\u0259 Nazirl\u0259r Kabinetin\u0259 t\u0259qdim edilib. H\u0259m\u00e7inin, laz\u0131mi materiallar\u0131n toplanmas\u0131na k\u00f6m\u0259klik g\u00f6st\u0259rilm\u0259si il\u0259 \u0259laq\u0259dar m\u00fcvafiq d\u00f6vl\u0259t qurumlar\u0131na birba\u015fa m\u00fcraci\u0259tl\u0259r \u00fcnvanlan\u0131b. Qeyd ed\u0259k ki, toplanacaq materiallar\u0131n m\u00fcasir standartlar s\u0259viyy\u0259sind\u0259 v\u0259 m\u00fcxt\u0259lif kreativ vasit\u0259l\u0259rl\u0259 muzeyd\u0259 t\u0259qdim edilm\u0259si planla\u015fd\u0131r\u0131l\u0131r&#8221;.<\/p>\n","protected":false},"excerpt":{"rendered":"<p>\u0130NFONEWS &#8220;Trend&#8221; -\u0259 istinad\u0259n x\u0259b\u0259r verir ki,\u00a0V\u0259t\u0259n m\u00fcharib\u0259si memorial kompleksi v\u0259 Z\u0259f\u0259r muzeyinin m\u0259zmununun haz\u0131rlanmas\u0131 v\u0259 bununla ba\u011fl\u0131 m\u00fcvafiq materiallar\u0131n toplanmas\u0131 i\u015fin\u0259 ba\u015flan\u0131l\u0131b. Bu bar\u0259d\u0259 M\u0259d\u0259niyy\u0259t Nazirliyind\u0259n bildiribl\u0259r. Qeyd olunub&hellip; <\/p>\n","protected":false},"author":3,"featured_media":2039,"comment_status":"open","ping_status":"open","sticky":false,"template":"","format":"standard","meta":{"_mi_skip_tracking":false,"_monsterinsights_sitenote_active":false,"_monsterinsights_sitenote_note":"","_monsterinsights_sitenote_category":0,"footnotes":""},"categories":[10,11],"tags":[404,403,95,405],"aioseo_notices":[],"_links":{"self":[{"href":"https:\/\/infonews.az\/index.php?rest_route=\/wp\/v2\/posts\/2037"}],"collection":[{"href":"https:\/\/infonews.az\/index.php?rest_route=\/wp\/v2\/posts"}],"about":[{"href":"https:\/\/infonews.az\/index.php?rest_route=\/wp\/v2\/types\/post"}],"author":[{"embeddable":true,"href":"https:\/\/infonews.az\/index.php?rest_route=\/wp\/v2\/users\/3"}],"replies":[{"embeddable":true,"href":"https:\/\/infonews.az\/index.php?rest_route=%2Fwp%2Fv2%2Fcomments&post=2037"}],"version-history":[{"count":1,"href":"https:\/\/infonews.az\/index.php?rest_route=\/wp\/v2\/posts\/2037\/revisions"}],"predecessor-version":[{"id":2040,"href":"https:\/\/infonews.az\/index.php?rest_route=\/wp\/v2\/posts\/2037\/revisions\/2040"}],"wp:featuredmedia":[{"embeddable":true,"href":"https:\/\/infonews.az\/index.php?rest_route=\/wp\/v2\/media\/2039"}],"wp:attachment":[{"href":"https:\/\/infonews.az\/index.php?rest_route=%2Fwp%2Fv2%2Fmedia&parent=2037"}],"wp:term":[{"taxonomy":"category","embeddable":true,"href":"https:\/\/infonews.az\/index.php?rest_route=%2Fwp%2Fv2%2Fcategories&post=2037"},{"taxonomy":"post_tag","embeddable":true,"href":"https:\/\/infonews.az\/index.php?rest_route=%2Fwp%2Fv2%2Ftags&post=2037"}],"curies":[{"name":"wp","href":"https:\/\/api.w.org\/{rel}","templated":true}]}}