{"id":20591,"date":"2022-04-26T13:44:33","date_gmt":"2022-04-26T09:44:33","guid":{"rendered":"https:\/\/infonews.az\/?p=20591"},"modified":"2022-04-27T10:07:44","modified_gmt":"2022-04-27T06:07:44","slug":"prezident-ilham-%c9%99liyev-latviyanin-bas-nazirinin-muavinini-q%c9%99bul-edib","status":"publish","type":"post","link":"https:\/\/infonews.az\/?p=20591","title":{"rendered":"Prezident \u0130lham \u018fliyev Latviyan\u0131n Ba\u015f nazirinin m\u00fcavinini q\u0259bul edib"},"content":{"rendered":"<p><span style=\"color: #ffffff;\">Prezident \u0130lham \u018fliyev Latviyan\u0131n Ba\u015f nazirinin m\u00fcavinini q\u0259bul edib<\/span><\/p>\n<blockquote><p><span style=\"color: #000000;\">Az\u0259rbaycan Respublikas\u0131n\u0131n Prezidenti \u0130lham \u018fliyev aprelin 26-da Latviya Respublikas\u0131n\u0131n Ba\u015f nazirinin m\u00fcavini, m\u00fcdafi\u0259 naziri Artis Pabriksi q\u0259bul edib.<\/span><\/p><\/blockquote>\n<p><span style=\"color: #000000;\"><a href=\"https:\/\/infonews.az\/\"><span style=\"color: #000080;\"><strong>&#8220;\u0130NFONEWS&#8221;<\/strong><\/span><\/a>-un m\u0259lumat\u0131na g\u00f6r\u0259, g\u00f6r\u00fc\u015fd\u0259 Az\u0259rbaycan il\u0259 Latviya aras\u0131nda \u0259laq\u0259l\u0259rin inki\u015faf\u0131ndan m\u0259mnunluq ifad\u0259 olundu, y\u00fcks\u0259k s\u0259viyy\u0259li qar\u015f\u0131l\u0131ql\u0131 s\u0259f\u0259rl\u0259rin \u00f6n\u0259mi qeyd edildi. \u0130qtisadiyyat, ticar\u0259t, investisiya, n\u0259qliyyat sah\u0259l\u0259rind\u0259 \u0259m\u0259kda\u015fl\u0131\u011f\u0131n perspektivl\u0259ri bar\u0259d\u0259 fikir m\u00fcbadil\u0259si apar\u0131ld\u0131.<\/span><\/p>\n<p><span style=\"color: #000000;\">S\u00f6hb\u0259t zaman\u0131 Az\u0259rbaycan-NATO \u0259laq\u0259l\u0259rin\u0259 toxunuldu, Prezident \u0130lham \u018fliyevin \u00f6t\u0259n il NATO-nun Br\u00fcsseld\u0259ki m\u0259nzil-q\u0259rargah\u0131na s\u0259f\u0259ri, Ba\u015f katib Yens Stoltenberq il\u0259 g\u00f6r\u00fc\u015f\u00fc v\u0259 \u015eimali Atlantika \u015euras\u0131n\u0131n iclas\u0131nda \u00e7\u0131x\u0131\u015f\u0131 xat\u0131rland\u0131, Az\u0259rbaycan\u0131n NATO-nun \u018ffqan\u0131standak\u0131 Q\u0259tiyy\u0259tli D\u0259st\u0259k Missiyas\u0131nda i\u015ftirak\u0131 vur\u011fuland\u0131.<\/span><\/p>\n<p><span style=\"color: #000000;\">G\u00f6r\u00fc\u015fd\u0259, eyni zamanda, Az\u0259rbaycan\u0131n Avropa \u0130ttifaq\u0131 il\u0259 d\u0259 \u0259laq\u0259l\u0259rinin u\u011furla inki\u015faf etdiyi bildirildi, bu bax\u0131mdan \u00f6t\u0259n il ke\u00e7iril\u0259n Avropa \u0130ttifaq\u0131n\u0131n \u015e\u0259rq T\u0259r\u0259fda\u015fl\u0131\u011f\u0131n\u0131n Sammitinin \u0259h\u0259miyy\u0259ti qeyd edildi.<\/span><\/p>\n<p><span style=\"color: #000000;\">Qonaq ikinci Erm\u0259nistan-Az\u0259rbaycan m\u00fcharib\u0259sind\u0259 \u0259ld\u0259 etdiyimiz Q\u0259l\u0259b\u0259 m\u00fcnasib\u0259til\u0259 d\u00f6vl\u0259timizin ba\u015f\u00e7\u0131s\u0131na t\u0259brikl\u0259rini \u00e7atd\u0131rd\u0131.<\/span><\/p>\n","protected":false},"excerpt":{"rendered":"<p>Prezident \u0130lham \u018fliyev Latviyan\u0131n Ba\u015f nazirinin m\u00fcavinini q\u0259bul edib Az\u0259rbaycan Respublikas\u0131n\u0131n Prezidenti \u0130lham \u018fliyev aprelin 26-da Latviya Respublikas\u0131n\u0131n Ba\u015f nazirinin m\u00fcavini, m\u00fcdafi\u0259 naziri Artis Pabriksi q\u0259bul edib. &#8220;\u0130NFONEWS&#8221;-un m\u0259lumat\u0131na g\u00f6r\u0259,&hellip; <\/p>\n","protected":false},"author":3,"featured_media":20592,"comment_status":"open","ping_status":"open","sticky":false,"template":"","format":"standard","meta":{"_mi_skip_tracking":false,"_monsterinsights_sitenote_active":false,"_monsterinsights_sitenote_note":"","_monsterinsights_sitenote_category":0,"footnotes":""},"categories":[6,11],"tags":[7002,6437,1010],"aioseo_notices":[],"_links":{"self":[{"href":"https:\/\/infonews.az\/index.php?rest_route=\/wp\/v2\/posts\/20591"}],"collection":[{"href":"https:\/\/infonews.az\/index.php?rest_route=\/wp\/v2\/posts"}],"about":[{"href":"https:\/\/infonews.az\/index.php?rest_route=\/wp\/v2\/types\/post"}],"author":[{"embeddable":true,"href":"https:\/\/infonews.az\/index.php?rest_route=\/wp\/v2\/users\/3"}],"replies":[{"embeddable":true,"href":"https:\/\/infonews.az\/index.php?rest_route=%2Fwp%2Fv2%2Fcomments&post=20591"}],"version-history":[{"count":1,"href":"https:\/\/infonews.az\/index.php?rest_route=\/wp\/v2\/posts\/20591\/revisions"}],"predecessor-version":[{"id":20593,"href":"https:\/\/infonews.az\/index.php?rest_route=\/wp\/v2\/posts\/20591\/revisions\/20593"}],"wp:featuredmedia":[{"embeddable":true,"href":"https:\/\/infonews.az\/index.php?rest_route=\/wp\/v2\/media\/20592"}],"wp:attachment":[{"href":"https:\/\/infonews.az\/index.php?rest_route=%2Fwp%2Fv2%2Fmedia&parent=20591"}],"wp:term":[{"taxonomy":"category","embeddable":true,"href":"https:\/\/infonews.az\/index.php?rest_route=%2Fwp%2Fv2%2Fcategories&post=20591"},{"taxonomy":"post_tag","embeddable":true,"href":"https:\/\/infonews.az\/index.php?rest_route=%2Fwp%2Fv2%2Ftags&post=20591"}],"curies":[{"name":"wp","href":"https:\/\/api.w.org\/{rel}","templated":true}]}}