{"id":2068,"date":"2021-01-09T11:12:17","date_gmt":"2021-01-09T07:12:17","guid":{"rendered":"https:\/\/infonews.az\/?p=2068"},"modified":"2021-01-09T11:12:17","modified_gmt":"2021-01-09T07:12:17","slug":"qarabagda-kul%c9%99k-enerjisi-potensialinin-hesablanmasi-planlasdirilir","status":"publish","type":"post","link":"https:\/\/infonews.az\/?p=2068","title":{"rendered":"Qaraba\u011fda k\u00fcl\u0259k enerjisi potensial\u0131n\u0131n hesablanmas\u0131 planla\u015fd\u0131r\u0131l\u0131r"},"content":{"rendered":"<p><strong>\u0130NFONEWS<\/strong> &#8220;Trend&#8221;-\u0259 istinad\u0259n x\u0259b\u0259r verir.<\/p>\n<blockquote><p>Az\u0259rbaycan yax\u0131n g\u0259l\u0259c\u0259kd\u0259 Qaraba\u011fda k\u00fcl\u0259k enerjisinin potensial\u0131n d\u0259qiq hesablama\u011f\u0131 planla\u015fd\u0131r\u0131r.<\/p><\/blockquote>\n<p>Bunu Energetika Nazirliyinin m\u0259tbuat katibi Cahid Mikay\u0131lov deyib.<\/p>\n<p>Onun s\u00f6zl\u0259rin\u0259 g\u00f6r\u0259, Qaraba\u011f\u0131n da\u011fl\u0131q hiss\u0259sind\u0259, 100 metr h\u00fcnd\u00fcrl\u00fckd\u0259 orta illik s\u00fcr\u0259ti saniy\u0259d\u0259 7-8 metr olan k\u00fcl\u0259kl\u0259rin \u0259sdiyi b\u00f6y\u00fck \u0259razil\u0259r var:<\/p>\n<p>&#8220;Globalwindatlas.info&#8221; platformas\u0131n\u0131n m\u0259lumatlar\u0131na \u0259sas\u0259n, Erm\u0259nistanla h\u0259ms\u0259rh\u0259d olan K\u0259lb\u0259c\u0259r v\u0259 La\u00e7\u0131n rayonlar\u0131nda k\u00fcl\u0259yin orta illik s\u00fcr\u0259ti 10 metr\/saniy\u0259y\u0259 \u00e7at\u0131r&#8221;.<\/p>\n<p>C.Mikay\u0131lov bildirib ki, \u00f6l\u00e7\u00fc stansiyalar\u0131n\u0131n qura\u015fd\u0131r\u0131lmas\u0131 yolu il\u0259 k\u00fcl\u0259k enerjisi potensial\u0131n\u0131n hesablamalar\u0131 apar\u0131lacaq:<\/p>\n<p>&#8220;\u00dcmumilikd\u0259 Qaraba\u011f\u0131n da\u011fl\u0131q rayonlar\u0131nda k\u00fcl\u0259k enerjisinin potensial\u0131 300-500 meqavatt h\u0259cmind\u0259 d\u0259y\u0259rl\u0259ndirilir&#8221;.<\/p>\n","protected":false},"excerpt":{"rendered":"<p>\u0130NFONEWS &#8220;Trend&#8221;-\u0259 istinad\u0259n x\u0259b\u0259r verir. Az\u0259rbaycan yax\u0131n g\u0259l\u0259c\u0259kd\u0259 Qaraba\u011fda k\u00fcl\u0259k enerjisinin potensial\u0131n d\u0259qiq hesablama\u011f\u0131 planla\u015fd\u0131r\u0131r. Bunu Energetika Nazirliyinin m\u0259tbuat katibi Cahid Mikay\u0131lov deyib. Onun s\u00f6zl\u0259rin\u0259 g\u00f6r\u0259, Qaraba\u011f\u0131n da\u011fl\u0131q hiss\u0259sind\u0259, 100&hellip; <\/p>\n","protected":false},"author":3,"featured_media":2069,"comment_status":"open","ping_status":"open","sticky":false,"template":"","format":"standard","meta":{"_mi_skip_tracking":false,"_monsterinsights_sitenote_active":false,"_monsterinsights_sitenote_note":"","_monsterinsights_sitenote_category":0,"footnotes":""},"categories":[4,11],"tags":[419,420],"aioseo_notices":[],"_links":{"self":[{"href":"https:\/\/infonews.az\/index.php?rest_route=\/wp\/v2\/posts\/2068"}],"collection":[{"href":"https:\/\/infonews.az\/index.php?rest_route=\/wp\/v2\/posts"}],"about":[{"href":"https:\/\/infonews.az\/index.php?rest_route=\/wp\/v2\/types\/post"}],"author":[{"embeddable":true,"href":"https:\/\/infonews.az\/index.php?rest_route=\/wp\/v2\/users\/3"}],"replies":[{"embeddable":true,"href":"https:\/\/infonews.az\/index.php?rest_route=%2Fwp%2Fv2%2Fcomments&post=2068"}],"version-history":[{"count":1,"href":"https:\/\/infonews.az\/index.php?rest_route=\/wp\/v2\/posts\/2068\/revisions"}],"predecessor-version":[{"id":2070,"href":"https:\/\/infonews.az\/index.php?rest_route=\/wp\/v2\/posts\/2068\/revisions\/2070"}],"wp:featuredmedia":[{"embeddable":true,"href":"https:\/\/infonews.az\/index.php?rest_route=\/wp\/v2\/media\/2069"}],"wp:attachment":[{"href":"https:\/\/infonews.az\/index.php?rest_route=%2Fwp%2Fv2%2Fmedia&parent=2068"}],"wp:term":[{"taxonomy":"category","embeddable":true,"href":"https:\/\/infonews.az\/index.php?rest_route=%2Fwp%2Fv2%2Fcategories&post=2068"},{"taxonomy":"post_tag","embeddable":true,"href":"https:\/\/infonews.az\/index.php?rest_route=%2Fwp%2Fv2%2Ftags&post=2068"}],"curies":[{"name":"wp","href":"https:\/\/api.w.org\/{rel}","templated":true}]}}