{"id":20741,"date":"2022-04-29T08:03:10","date_gmt":"2022-04-29T04:03:10","guid":{"rendered":"https:\/\/infonews.az\/?p=20741"},"modified":"2022-04-29T10:08:04","modified_gmt":"2022-04-29T06:08:04","slug":"kamran-%c9%99liyev-bakinin-yeni-prokurorunu-kollektiv%c9%99-t%c9%99qdim-edib","status":"publish","type":"post","link":"https:\/\/infonews.az\/?p=20741","title":{"rendered":"Kamran \u018fliyev Bak\u0131n\u0131n yeni prokurorunu kollektiv\u0259 t\u0259qdim edib"},"content":{"rendered":"<p><span style=\"color: #ffffff;\"><strong>Kamran \u018fliyev Bak\u0131n\u0131n yeni prokurorunu kollektiv\u0259 t\u0259qdim edib<\/strong><\/span><\/p>\n<p><a href=\"https:\/\/infonews.az\/?p=20741\"><strong><span style=\"color: #ff0000;\">&#8220;\u0130NFONEWS&#8221;<\/span><\/strong><\/a> x\u0259b\u0259r verir.<\/p>\n<blockquote><p><strong>28 aprel 2022-ci il tarixd\u0259 Ba\u015f prokuror Kamran \u018fliyevin r\u0259hb\u0259rliyi il\u0259 Ba\u015f prokurorun m\u00fcavinl\u0259rinin, m\u0259rk\u0259zi aparat\u0131n idar\u0259, \u015f\u00f6b\u0259 r\u0259isl\u0259rinin, h\u0259m\u00e7inin Bak\u0131 \u015f\u0259h\u0259r prokurorlu\u011funun r\u0259hb\u0259r i\u015f\u00e7il\u0259rinin v\u0259 tabe rayon prokurorlar\u0131n\u0131n i\u015ftirak\u0131 il\u0259 \u015f\u0259h\u0259r prokuroru v\u0259zif\u0259sin\u0259 t\u0259yin olunmu\u015f El\u015f\u0259n Abbasovun kollektiv\u0259 t\u0259qdim edilm\u0259si m\u00fcnasib\u0259til\u0259 geni\u015f \u0259m\u0259liyyat m\u00fc\u015favir\u0259si ke\u00e7irilib.<\/strong><\/p><\/blockquote>\n<p>Ba\u015f Prokurorluqdan veril\u0259n m\u0259lumata g\u00f6r\u0259, \u0259m\u0259liyyat m\u00fc\u015favir\u0259sind\u0259 \u00e7\u0131x\u0131\u015f ed\u0259n Kamran \u018fliyev \u00f6lk\u0259 Prezidentinin h\u0259rt\u0259r\u0259fli d\u00fc\u015f\u00fcn\u00fclm\u00fc\u015f d\u00f6vl\u0259t idar\u0259\u00e7iliyi, s\u0259ri\u015ft\u0259li daxili v\u0259 xarici siyas\u0259ti, m\u00fcv\u0259ff\u0259qiyy\u0259tl\u0259 h\u0259yata ke\u00e7iril\u0259n islahatlar n\u0259tic\u0259sind\u0259 b\u00fct\u00fcn sah\u0259l\u0259rd\u0259 t\u0259r\u0259qqi v\u0259 inki\u015fafa nail olundu\u011funu bildir\u0259r\u0259k, prokurorluq orqanlar\u0131n\u0131n \u00fcz\u0259rin\u0259 qoyulan v\u0259zif\u0259l\u0259rin d\u0259 u\u011furla icra edildiyini qeyd edib.<\/p>\n<p>Az\u0259rbaycan Respublikas\u0131 Prezidentinin g\u00f6st\u0259ri\u015f v\u0259 t\u00f6vsiy\u0259l\u0259rin\u0259 uy\u011fun olaraq prokurorluq orqanlar\u0131n\u0131n y\u00fcks\u0259k standartlara v\u0259 m\u00fcasir t\u0259l\u0259bl\u0259r\u0259 uy\u011fun sivil t\u0259sisat kimi formala\u015fd\u0131r\u0131lmas\u0131 istiqam\u0259tind\u0259 h\u0259yata ke\u00e7iril\u0259n islahatlar m\u00fcsb\u0259t n\u0259tic\u0259l\u0259r verm\u0259kl\u0259, qanunlar\u0131n icra v\u0259 t\u0259tbiq olunmas\u0131na n\u0259zar\u0259t, cinay\u0259tkarl\u0131\u011fa qar\u015f\u0131 m\u00fcbariz\u0259, korrupsiya h\u00fcquqpozmalar\u0131n\u0131n qar\u015f\u0131s\u0131n\u0131n al\u0131nmas\u0131, insan v\u0259 v\u0259t\u0259nda\u015f h\u00fcquq v\u0259 azadl\u0131qlar\u0131n\u0131n m\u00fcdafi\u0259si sah\u0259sind\u0259 \u0259sasl\u0131 d\u00f6n\u00fc\u015f yarad\u0131lm\u0131\u015f, prokurorluqlar\u0131n f\u0259aliyy\u0259tind\u0259 \u015f\u0259ffafl\u0131\u011f\u0131n, b\u00fcrokratizmin aradan qald\u0131r\u0131lmas\u0131 t\u0259min edilib.<\/p>\n<p>Ba\u015f prokuror Kamran \u018fliyev \u0259ld\u0259 olunmu\u015f u\u011furlar\u0131n davaml\u0131 xarakter alaraq daha da inki\u015faf etdirilm\u0259sind\u0259 Bak\u0131 \u015f\u0259h\u0259rinin prokurorluq orqanlar\u0131n\u0131n x\u00fcsusi rol v\u0259 \u0259h\u0259miyy\u0259tini vur\u011fulayaraq, \u015f\u0259h\u0259r prokurorlu\u011funun r\u0259hb\u0259rliyind\u0259 apar\u0131lan kadr d\u0259yi\u015fikliyinin qar\u015f\u0131ya qoyulan v\u0259zif\u0259l\u0259rin m\u00fcv\u0259ff\u0259qiyy\u0259tl\u0259 yerin\u0259 yetirilm\u0259sini, n\u00f6qsan v\u0259 \u00e7at\u0131\u015fmazl\u0131qlar\u0131n aradan qald\u0131r\u0131lmas\u0131n\u0131 t\u0259min ed\u0259c\u0259yin\u0259 \u0259min oldu\u011funu bildirib.<\/p>\n<p>M\u00fc\u015favir\u0259d\u0259 \u00e7\u0131x\u0131\u015f ed\u0259n Bak\u0131 \u015f\u0259h\u0259r prokuroru El\u015f\u0259n Abbasov prokurorluq orqanlar\u0131n\u0131n inki\u015faf\u0131na g\u00f6st\u0259ril\u0259n diqq\u0259t v\u0259 qay\u011f\u0131ya g\u00f6r\u0259 \u00f6lk\u0259 ba\u015f\u00e7\u0131s\u0131na minn\u0259tdarl\u0131\u011f\u0131n\u0131 bildir\u0259r\u0259k, r\u0259hb\u0259rlik etdiyi kollektivin y\u00fcks\u0259k etimad\u0131 do\u011fruldaca\u011f\u0131n\u0131, qar\u015f\u0131ya qoyulan v\u0259zif\u0259l\u0259rin d\u00f6nm\u0259d\u0259n icras\u0131na nail olunmas\u0131 \u00fc\u00e7\u00fcn s\u0259yl\u0259 \u00e7al\u0131\u015facaqlar\u0131n\u0131 qeyd edib.<\/p>\n<p>M\u00fc\u015favir\u0259y\u0259 yekun vuran Ba\u015f prokuror Kamran \u018fliyev Bak\u0131 \u015f\u0259h\u0259rinin prokurorluq orqanlar\u0131n\u0131n f\u0259aliyy\u0259tinin cinay\u0259t v\u0259 cinay\u0259t-prosessual qanunvericiliyinin, \u201cProkurorluq haqq\u0131nda\u201d Az\u0259rbaycan Respublikas\u0131 Qanununun v\u0259 sair normativ xarakterli h\u00fcquqi aktlar\u0131n t\u0259l\u0259bl\u0259rin\u0259 uy\u011fun sur\u0259td\u0259 dig\u0259r h\u00fcquq-m\u00fchafiz\u0259 orqanlar\u0131 il\u0259 \u0259laq\u0259li \u015f\u0259kild\u0259 qurulmas\u0131na dair konkret tap\u015f\u0131r\u0131qlar verib.<\/p>\n","protected":false},"excerpt":{"rendered":"<p>Kamran \u018fliyev Bak\u0131n\u0131n yeni prokurorunu kollektiv\u0259 t\u0259qdim edib &#8220;\u0130NFONEWS&#8221; x\u0259b\u0259r verir. 28 aprel 2022-ci il tarixd\u0259 Ba\u015f prokuror Kamran \u018fliyevin r\u0259hb\u0259rliyi il\u0259 Ba\u015f prokurorun m\u00fcavinl\u0259rinin, m\u0259rk\u0259zi aparat\u0131n idar\u0259, \u015f\u00f6b\u0259 r\u0259isl\u0259rinin,&hellip; <\/p>\n","protected":false},"author":14,"featured_media":20742,"comment_status":"open","ping_status":"open","sticky":false,"template":"","format":"standard","meta":{"_mi_skip_tracking":false,"_monsterinsights_sitenote_active":false,"_monsterinsights_sitenote_note":"","_monsterinsights_sitenote_category":0,"footnotes":""},"categories":[5373,4,11],"tags":[4368,141,7035,750],"aioseo_notices":[],"_links":{"self":[{"href":"https:\/\/infonews.az\/index.php?rest_route=\/wp\/v2\/posts\/20741"}],"collection":[{"href":"https:\/\/infonews.az\/index.php?rest_route=\/wp\/v2\/posts"}],"about":[{"href":"https:\/\/infonews.az\/index.php?rest_route=\/wp\/v2\/types\/post"}],"author":[{"embeddable":true,"href":"https:\/\/infonews.az\/index.php?rest_route=\/wp\/v2\/users\/14"}],"replies":[{"embeddable":true,"href":"https:\/\/infonews.az\/index.php?rest_route=%2Fwp%2Fv2%2Fcomments&post=20741"}],"version-history":[{"count":1,"href":"https:\/\/infonews.az\/index.php?rest_route=\/wp\/v2\/posts\/20741\/revisions"}],"predecessor-version":[{"id":20743,"href":"https:\/\/infonews.az\/index.php?rest_route=\/wp\/v2\/posts\/20741\/revisions\/20743"}],"wp:featuredmedia":[{"embeddable":true,"href":"https:\/\/infonews.az\/index.php?rest_route=\/wp\/v2\/media\/20742"}],"wp:attachment":[{"href":"https:\/\/infonews.az\/index.php?rest_route=%2Fwp%2Fv2%2Fmedia&parent=20741"}],"wp:term":[{"taxonomy":"category","embeddable":true,"href":"https:\/\/infonews.az\/index.php?rest_route=%2Fwp%2Fv2%2Fcategories&post=20741"},{"taxonomy":"post_tag","embeddable":true,"href":"https:\/\/infonews.az\/index.php?rest_route=%2Fwp%2Fv2%2Ftags&post=20741"}],"curies":[{"name":"wp","href":"https:\/\/api.w.org\/{rel}","templated":true}]}}