{"id":20856,"date":"2022-05-01T00:01:22","date_gmt":"2022-04-30T20:01:22","guid":{"rendered":"https:\/\/infonews.az\/?p=20856"},"modified":"2022-05-01T00:15:44","modified_gmt":"2022-04-30T20:15:44","slug":"bu-gund%c9%99n-az%c9%99rbaycanda-maska-t%c9%99l%c9%99bi-l%c9%99gv-edilib","status":"publish","type":"post","link":"https:\/\/infonews.az\/?p=20856","title":{"rendered":"Bu g\u00fcnd\u0259n Az\u0259rbaycanda maska t\u0259l\u0259bi l\u0259\u011fv edilib"},"content":{"rendered":"<p><span style=\"color: #ffffff\">Bu g\u00fcnd\u0259n Az\u0259rbaycanda maska t\u0259l\u0259bi l\u0259\u011fv edilib<\/span><\/p>\n<p>Bu g\u00fcnd\u0259n Az\u0259rbaycanda maska t\u0259l\u0259bi l\u0259\u011fv edilib.<\/p>\n<p><strong><a href=\"http:\/\/\u0130NFONEWS\">\u0130NFONEWS<\/a><\/strong>\u00a0x\u0259b\u0259r verir ki, bununla ba\u011fl\u0131 Nazirl\u0259r Kabineti aprelin 22-d\u0259 q\u0259rar verib.<\/p>\n<p>Q\u0259rara \u0259sas\u0259n, 2022-ci il may\u0131n 1-d\u0259n etibar\u0259n x\u00fcsusi karantin rejimind\u0259 t\u0259n\u0259ff\u00fcs yollar\u0131n\u0131 qoruyan f\u0259rdi vasit\u0259l\u0259rd\u0259n (tibbi maska, par\u00e7a maska, respirator v\u0259 s.) istifad\u0259 t\u0259l\u0259bi l\u0259\u011fv olunub.<\/p>\n<p>Eyni zamanda, bu g\u00fcnd\u0259n Az\u0259rbaycan\u0131n beyn\u0259lxalq hava liman\u0131 \u0259razisind\u0259 v\u0259 Az\u0259rbaycanda f\u0259aliyy\u0259t g\u00f6st\u0259r\u0259n t\u0259hsil m\u00fc\u0259ssis\u0259l\u0259rind\u0259 tibbi maskalardan istifad\u0259si art\u0131q m\u0259cburi xarakter da\u015f\u0131m\u0131r v\u0259 yaln\u0131z t\u00f6vsiy\u0259 edilir.<\/p>\n<p>&nbsp;<\/p>\n<p>\u018fziz\u0259 \u018fliyeva<\/p>\n<p>\u00a9 Materiallardan istifad\u0259 ed\u0259rk\u0259n hiperlinkl\u0259 istinad olunmal\u0131d\u0131r<\/p>\n<p><strong><a href=\"http:\/\/\u0130NFONEWS\">\u0130NFONEWS<\/a><\/strong><\/p>\n","protected":false},"excerpt":{"rendered":"<p>Bu g\u00fcnd\u0259n Az\u0259rbaycanda maska t\u0259l\u0259bi l\u0259\u011fv edilib Bu g\u00fcnd\u0259n Az\u0259rbaycanda maska t\u0259l\u0259bi l\u0259\u011fv edilib. \u0130NFONEWS\u00a0x\u0259b\u0259r verir ki, bununla ba\u011fl\u0131 Nazirl\u0259r Kabineti aprelin 22-d\u0259 q\u0259rar verib. Q\u0259rara \u0259sas\u0259n, 2022-ci il may\u0131n&hellip; <\/p>\n","protected":false},"author":14,"featured_media":20857,"comment_status":"open","ping_status":"open","sticky":false,"template":"","format":"standard","meta":{"_mi_skip_tracking":false,"_monsterinsights_sitenote_active":false,"_monsterinsights_sitenote_note":"","_monsterinsights_sitenote_category":0,"footnotes":""},"categories":[4,5,11],"tags":[7044,7045,15,4469],"aioseo_notices":[],"_links":{"self":[{"href":"https:\/\/infonews.az\/index.php?rest_route=\/wp\/v2\/posts\/20856"}],"collection":[{"href":"https:\/\/infonews.az\/index.php?rest_route=\/wp\/v2\/posts"}],"about":[{"href":"https:\/\/infonews.az\/index.php?rest_route=\/wp\/v2\/types\/post"}],"author":[{"embeddable":true,"href":"https:\/\/infonews.az\/index.php?rest_route=\/wp\/v2\/users\/14"}],"replies":[{"embeddable":true,"href":"https:\/\/infonews.az\/index.php?rest_route=%2Fwp%2Fv2%2Fcomments&post=20856"}],"version-history":[{"count":1,"href":"https:\/\/infonews.az\/index.php?rest_route=\/wp\/v2\/posts\/20856\/revisions"}],"predecessor-version":[{"id":20858,"href":"https:\/\/infonews.az\/index.php?rest_route=\/wp\/v2\/posts\/20856\/revisions\/20858"}],"wp:featuredmedia":[{"embeddable":true,"href":"https:\/\/infonews.az\/index.php?rest_route=\/wp\/v2\/media\/20857"}],"wp:attachment":[{"href":"https:\/\/infonews.az\/index.php?rest_route=%2Fwp%2Fv2%2Fmedia&parent=20856"}],"wp:term":[{"taxonomy":"category","embeddable":true,"href":"https:\/\/infonews.az\/index.php?rest_route=%2Fwp%2Fv2%2Fcategories&post=20856"},{"taxonomy":"post_tag","embeddable":true,"href":"https:\/\/infonews.az\/index.php?rest_route=%2Fwp%2Fv2%2Ftags&post=20856"}],"curies":[{"name":"wp","href":"https:\/\/api.w.org\/{rel}","templated":true}]}}