{"id":20865,"date":"2022-05-01T00:35:20","date_gmt":"2022-04-30T20:35:20","guid":{"rendered":"https:\/\/infonews.az\/?p=20865"},"modified":"2022-05-01T00:35:20","modified_gmt":"2022-04-30T20:35:20","slug":"bu-gund%c9%99n-ibtidai-sinifl%c9%99r-ucun-5-gunluk-yaz-t%c9%99tili-baslayib","status":"publish","type":"post","link":"https:\/\/infonews.az\/?p=20865","title":{"rendered":"Bu g\u00fcnd\u0259n ibtidai sinifl\u0259r \u00fc\u00e7\u00fcn 5 g\u00fcnl\u00fck yaz t\u0259tili ba\u015flay\u0131b"},"content":{"rendered":"<p><span style=\"color: #ffffff\">Bu g\u00fcnd\u0259n ibtidai sinifl\u0259r \u00fc\u00e7\u00fcn 5 g\u00fcnl\u00fck yaz t\u0259tili ba\u015flay\u0131b<\/span><\/p>\n<p><strong>Bu g\u00fcnd\u0259n m\u0259kt\u0259b\u0259haz\u0131rl\u0131q qruplar\u0131 v\u0259 ibtidai sinifl\u0259r \u00fc\u00e7\u00fcn 5 g\u00fcnl\u00fck yaz t\u0259tili ba\u015flay\u0131b.<\/strong><\/p>\n<p><strong><a href=\"http:\/\/\u0130NFONEWS\">\u0130NFONEWS<\/a><\/strong>\u00a0x\u0259b\u0259r verir ki, t\u0259til may\u0131n 5-d\u0259k davam ed\u0259c\u0259k.<\/p>\n<p>T\u0259tild\u0259n sonrak\u0131 ilk d\u0259rs g\u00fcn\u00fc may\u0131n 6-dad\u0131r.<\/p>\n<p>Qeyd ed\u0259k ki, 2021-2022-ci t\u0259dris ilind\u0259 ibtidai sinifl\u0259r \u00fc\u00e7\u00fcn is\u0259 5 g\u00fcnl\u00fck \u0259lav\u0259 yaz t\u0259tili (1-5 may) m\u00fc\u0259yy\u0259n olunub.<\/p>\n<p>Xat\u0131rladaq ki, pandemiya s\u0259b\u0259bind\u0259n m\u0259kt\u0259bl\u0259rd\u0259 t\u0259dris gec ba\u015flad\u0131\u011f\u0131ndan \u015fagirdl\u0259rin pay\u0131z v\u0259 q\u0131\u015f t\u0259tili l\u0259\u011fv edilmi\u015fdi. Ona g\u00f6r\u0259 d\u0259 pay\u0131z t\u0259tili g\u00fcnl\u0259rind\u0259n 16-19 noyabr, q\u0131\u015f t\u0259tili g\u00fcnl\u0259rind\u0259n 27, 28 v\u0259 31 yanvar tarixl\u0259ri d\u0259rs g\u00fcnl\u0259ri idi.<\/p>\n<p>&nbsp;<\/p>\n<p>\u018fziz\u0259 \u018fliyeva<\/p>\n<p>\u00a9 Materiallardan istifad\u0259 ed\u0259rk\u0259n hiperlinkl\u0259 istinad olunmal\u0131d\u0131r<\/p>\n<p><strong><a href=\"http:\/\/\u0130NFONEWS\">\u0130NFONEWS<\/a><\/strong><\/p>\n","protected":false},"excerpt":{"rendered":"<p>Bu g\u00fcnd\u0259n ibtidai sinifl\u0259r \u00fc\u00e7\u00fcn 5 g\u00fcnl\u00fck yaz t\u0259tili ba\u015flay\u0131b Bu g\u00fcnd\u0259n m\u0259kt\u0259b\u0259haz\u0131rl\u0131q qruplar\u0131 v\u0259 ibtidai sinifl\u0259r \u00fc\u00e7\u00fcn 5 g\u00fcnl\u00fck yaz t\u0259tili ba\u015flay\u0131b. \u0130NFONEWS\u00a0x\u0259b\u0259r verir ki, t\u0259til may\u0131n 5-d\u0259k davam&hellip; <\/p>\n","protected":false},"author":14,"featured_media":20866,"comment_status":"open","ping_status":"open","sticky":false,"template":"","format":"standard","meta":{"_mi_skip_tracking":false,"_monsterinsights_sitenote_active":false,"_monsterinsights_sitenote_note":"","_monsterinsights_sitenote_category":0,"footnotes":""},"categories":[11,3],"tags":[7068,7067,7069,15],"aioseo_notices":[],"_links":{"self":[{"href":"https:\/\/infonews.az\/index.php?rest_route=\/wp\/v2\/posts\/20865"}],"collection":[{"href":"https:\/\/infonews.az\/index.php?rest_route=\/wp\/v2\/posts"}],"about":[{"href":"https:\/\/infonews.az\/index.php?rest_route=\/wp\/v2\/types\/post"}],"author":[{"embeddable":true,"href":"https:\/\/infonews.az\/index.php?rest_route=\/wp\/v2\/users\/14"}],"replies":[{"embeddable":true,"href":"https:\/\/infonews.az\/index.php?rest_route=%2Fwp%2Fv2%2Fcomments&post=20865"}],"version-history":[{"count":1,"href":"https:\/\/infonews.az\/index.php?rest_route=\/wp\/v2\/posts\/20865\/revisions"}],"predecessor-version":[{"id":20867,"href":"https:\/\/infonews.az\/index.php?rest_route=\/wp\/v2\/posts\/20865\/revisions\/20867"}],"wp:featuredmedia":[{"embeddable":true,"href":"https:\/\/infonews.az\/index.php?rest_route=\/wp\/v2\/media\/20866"}],"wp:attachment":[{"href":"https:\/\/infonews.az\/index.php?rest_route=%2Fwp%2Fv2%2Fmedia&parent=20865"}],"wp:term":[{"taxonomy":"category","embeddable":true,"href":"https:\/\/infonews.az\/index.php?rest_route=%2Fwp%2Fv2%2Fcategories&post=20865"},{"taxonomy":"post_tag","embeddable":true,"href":"https:\/\/infonews.az\/index.php?rest_route=%2Fwp%2Fv2%2Ftags&post=20865"}],"curies":[{"name":"wp","href":"https:\/\/api.w.org\/{rel}","templated":true}]}}