{"id":2104,"date":"2021-01-09T21:16:05","date_gmt":"2021-01-09T17:16:05","guid":{"rendered":"https:\/\/infonews.az\/?p=2104"},"modified":"2021-01-09T21:16:05","modified_gmt":"2021-01-09T17:16:05","slug":"erm%c9%99nil%c9%99r-anna-akopyani-%c9%99l%c9%99-saldi-onu-da-az%c9%99rbaycana-verm%c9%99k-lazimdir","status":"publish","type":"post","link":"https:\/\/infonews.az\/?p=2104","title":{"rendered":"Erm\u0259nil\u0259r Anna Akopyan\u0131 \u0259l\u0259 sald\u0131: \u201cOnu da Az\u0259rbaycana verm\u0259k laz\u0131md\u0131r\u201d"},"content":{"rendered":"<p><strong>\u0130NFONEWS<\/strong> &#8220;Azvision.az&#8221; -a istinad\u0259n x\u0259b\u0259r verir.<\/p>\n<p>\u0130kinci Qaraba\u011f m\u00fcharib\u0259sind\u0259 Erm\u0259nistan \u00fc\u00e7\u00fcn biab\u0131r\u00e7\u0131 m\u0259qamlardan biri d\u0259 \u00f6lk\u0259nin birinci xan\u0131m\u0131n\u0131n \u201cERATO\u201d ad\u0131 alt\u0131nda qad\u0131n \u201cd\u00f6y\u00fc\u015f\u00e7\u00fcl\u0259r\u201dl\u0259 pozalar verm\u0259si oldu.<\/p>\n<p>Erm\u0259ni f\u0259allar k\u00f6hn\u0259 m\u00f6vzunu yenid\u0259n g\u00fcnd\u0259m\u0259 da\u015f\u0131yaraq Nikol Pa\u015finyan\u0131n h\u0259yat yolda\u015f\u0131n\u0131n yersiz h\u0259r\u0259k\u0259tl\u0259rini l\u0259n\u0259tl\u0259yirl\u0259r.<\/p>\n<p>Bel\u0259 ki, erm\u0259ni istifad\u0259\u00e7il\u0259r sosial \u015f\u0259b\u0259k\u0259l\u0259rd\u0259 Anna Akopyan\u0131n h\u0259m m\u00fcharib\u0259, h\u0259m d\u0259 ondan \u0259vv\u0259lki d\u00f6vrd\u0259 Qaraba\u011fa ged\u0259r\u0259k h\u0259rbi geyimd\u0259 siyasi \u015foular g\u00f6st\u0259rm\u0259sini yada salaraq, onu s\u0259rt t\u0259nqid edibl\u0259r.<\/p>\n<p>Anna Akopyan\u0131n g\u00fcnd\u0259m\u0259 g\u0259l\u0259r\u0259k t\u0259nqid olunmas\u0131 t\u0259sad\u00fcfi g\u00f6r\u00fcnm\u00fcr. B\u0259zil\u0259ri onun bunkerd\u0259 olark\u0259n ciddi yoluxucu x\u0259st\u0259lik tapd\u0131\u011f\u0131, h\u0259tta bu g\u00fcnl\u0259rd\u0259 ba\u015f naziri d\u0259 yoluxdurdu\u011funu iddia edirl\u0259r. Art\u0131q bununla ba\u011fl\u0131 erm\u0259ni K\u0130V-l\u0259ri b\u0259zi m\u0259lumatlar yay\u0131blar.<\/p>\n<p>Artur Baqdasaryan adl\u0131 f\u0259al m\u00fcharib\u0259d\u0259n sonra niy\u0259 \u201cERATO\u201d d\u0259st\u0259sind\u0259n x\u0259b\u0259r \u00e7\u0131xmamas\u0131 il\u0259 maraqlan\u0131b. O, sarkazmla erato\u00e7ular\u0131n pozalar\u0131, h\u0259rbi geyimd\u0259, kosmetikada \u00e7\u0259kdirdikl\u0259ri d\u00f6y\u00fc\u015f s\u0259hn\u0259l\u0259ri \u00fc\u00e7\u00fcn dar\u0131xd\u0131\u011f\u0131n\u0131 yaz\u0131b:<\/p>\n<p>\u201cM\u00fcharib\u0259 qurtaran kimi \u201cERATO\u201dsuz h\u0259yat boz v\u0259 m\u0259nas\u0131z olub. El\u0259 \u015eu\u015fa kimi&#8230;(Pa\u015finyan\u0131n \u015eu\u015fa haqq\u0131nda m\u0259\u015fhur b\u0259han\u0259si &#8211; red.)\u201d<\/p>\n<p>O daha sonra sarkazmla bildirib ki, \u201cERATO\u201dnu da Az\u0259rbayacana \u015eu\u015fa kimi t\u0259hvil verm\u0259k laz\u0131md\u0131r.<\/p>\n<p><img loading=\"lazy\" decoding=\"async\" class=\"alignnone size-medium wp-image-2105\" src=\"https:\/\/infonews.az\/wp-content\/uploads\/2021\/01\/3jpg-1610202481-290x300.jpg\" alt=\"\" width=\"290\" height=\"300\" srcset=\"https:\/\/infonews.az\/wp-content\/uploads\/2021\/01\/3jpg-1610202481-290x300.jpg 290w, https:\/\/infonews.az\/wp-content\/uploads\/2021\/01\/3jpg-1610202481.jpg 386w\" sizes=\"(max-width: 290px) 100vw, 290px\" \/><\/p>\n<p>&nbsp;<\/p>\n","protected":false},"excerpt":{"rendered":"<p>\u0130NFONEWS &#8220;Azvision.az&#8221; -a istinad\u0259n x\u0259b\u0259r verir. \u0130kinci Qaraba\u011f m\u00fcharib\u0259sind\u0259 Erm\u0259nistan \u00fc\u00e7\u00fcn biab\u0131r\u00e7\u0131 m\u0259qamlardan biri d\u0259 \u00f6lk\u0259nin birinci xan\u0131m\u0131n\u0131n \u201cERATO\u201d ad\u0131 alt\u0131nda qad\u0131n \u201cd\u00f6y\u00fc\u015f\u00e7\u00fcl\u0259r\u201dl\u0259 pozalar verm\u0259si oldu. Erm\u0259ni f\u0259allar k\u00f6hn\u0259 m\u00f6vzunu&hellip; <\/p>\n","protected":false},"author":3,"featured_media":2106,"comment_status":"open","ping_status":"open","sticky":false,"template":"","format":"standard","meta":{"_mi_skip_tracking":false,"_monsterinsights_sitenote_active":false,"_monsterinsights_sitenote_note":"","_monsterinsights_sitenote_category":0,"footnotes":""},"categories":[9,11,50],"tags":[432,70,431],"aioseo_notices":[],"_links":{"self":[{"href":"https:\/\/infonews.az\/index.php?rest_route=\/wp\/v2\/posts\/2104"}],"collection":[{"href":"https:\/\/infonews.az\/index.php?rest_route=\/wp\/v2\/posts"}],"about":[{"href":"https:\/\/infonews.az\/index.php?rest_route=\/wp\/v2\/types\/post"}],"author":[{"embeddable":true,"href":"https:\/\/infonews.az\/index.php?rest_route=\/wp\/v2\/users\/3"}],"replies":[{"embeddable":true,"href":"https:\/\/infonews.az\/index.php?rest_route=%2Fwp%2Fv2%2Fcomments&post=2104"}],"version-history":[{"count":1,"href":"https:\/\/infonews.az\/index.php?rest_route=\/wp\/v2\/posts\/2104\/revisions"}],"predecessor-version":[{"id":2107,"href":"https:\/\/infonews.az\/index.php?rest_route=\/wp\/v2\/posts\/2104\/revisions\/2107"}],"wp:featuredmedia":[{"embeddable":true,"href":"https:\/\/infonews.az\/index.php?rest_route=\/wp\/v2\/media\/2106"}],"wp:attachment":[{"href":"https:\/\/infonews.az\/index.php?rest_route=%2Fwp%2Fv2%2Fmedia&parent=2104"}],"wp:term":[{"taxonomy":"category","embeddable":true,"href":"https:\/\/infonews.az\/index.php?rest_route=%2Fwp%2Fv2%2Fcategories&post=2104"},{"taxonomy":"post_tag","embeddable":true,"href":"https:\/\/infonews.az\/index.php?rest_route=%2Fwp%2Fv2%2Ftags&post=2104"}],"curies":[{"name":"wp","href":"https:\/\/api.w.org\/{rel}","templated":true}]}}