{"id":21082,"date":"2022-05-04T21:20:01","date_gmt":"2022-05-04T17:20:01","guid":{"rendered":"https:\/\/infonews.az\/?p=21082"},"modified":"2022-05-05T11:48:26","modified_gmt":"2022-05-05T07:48:26","slug":"bakida-az%c9%99rbaycan-ai-biznes-forumu-keciril%c9%99c%c9%99k","status":"publish","type":"post","link":"https:\/\/infonews.az\/?p=21082","title":{"rendered":"Bak\u0131da Az\u0259rbaycan-A\u0130 biznes forumu ke\u00e7iril\u0259c\u0259k"},"content":{"rendered":"<p><span style=\"color: #ffffff;\">Bak\u0131da Az\u0259rbaycan-A\u0130 biznes forumu ke\u00e7iril\u0259c\u0259k<\/span><\/p>\n<blockquote><p><strong>May\u0131n 17-d\u0259 Bak\u0131da Az\u0259rbaycan-Avropa \u0130ttifaq\u0131 biznes forumu ke\u00e7iril\u0259c\u0259k.<\/strong><\/p><\/blockquote>\n<p><strong><a href=\"http:\/\/\u0130NFONEWS\">&#8220;\u0130NFONEWS&#8221;<\/a><\/strong>\u00a0x\u0259b\u0259r verir ki, bunu A\u0130-nin Az\u0259rbaycandak\u0131 n\u00fcmay\u0259nd\u0259liyinin r\u0259hb\u0259ri Peter Mixalko m\u0259tbuat konfrans\u0131nda bildirib.<\/p>\n<p>Diplomat\u0131n dediyin\u0259 g\u00f6r\u0259, biznes forumda\u00a0Az\u0259rbaycanda f\u0259aliyy\u0259t g\u00f6st\u0259r\u0259n Avropa\u00a0\u015firk\u0259tl\u0259ri, habel\u0259 Az\u0259rbaycan-\u0130taliya Ticar\u0259t Palatas\u0131, Az\u0259rbaycan-Fransa Ticar\u0259t v\u0259 S\u0259naye Palatas\u0131 kimi qurumlar i\u015ftirak ed\u0259c\u0259k.<\/p>\n<p>Forum i\u015ftirak\u00e7\u0131lar\u0131 Az\u0259rbaycan v\u0259 A\u0130 aras\u0131nda ticar\u0259t \u0259m\u0259kda\u015fl\u0131\u011f\u0131n\u0131n g\u00fccl\u0259ndirilm\u0259si perspektivl\u0259rini m\u00fczakir\u0259 ed\u0259c\u0259kl\u0259r.<\/p>\n<p>&nbsp;<\/p>\n<p>\u018fziz\u0259 \u018fliyeva<\/p>\n<p>\u00a9 Materiallardan istifad\u0259 ed\u0259rk\u0259n hiperlinkl\u0259 istinad olunmal\u0131d\u0131r<\/p>\n<p><strong><a href=\"http:\/\/\u0130NFONEWS\">\u0130NFONEWS<\/a><\/strong><\/p>\n<p>&nbsp;<\/p>\n","protected":false},"excerpt":{"rendered":"<p>Bak\u0131da Az\u0259rbaycan-A\u0130 biznes forumu ke\u00e7iril\u0259c\u0259k May\u0131n 17-d\u0259 Bak\u0131da Az\u0259rbaycan-Avropa \u0130ttifaq\u0131 biznes forumu ke\u00e7iril\u0259c\u0259k. &#8220;\u0130NFONEWS&#8221;\u00a0x\u0259b\u0259r verir ki, bunu A\u0130-nin Az\u0259rbaycandak\u0131 n\u00fcmay\u0259nd\u0259liyinin r\u0259hb\u0259ri Peter Mixalko m\u0259tbuat konfrans\u0131nda bildirib. Diplomat\u0131n dediyin\u0259 g\u00f6r\u0259, biznes&hellip; <\/p>\n","protected":false},"author":14,"featured_media":21083,"comment_status":"open","ping_status":"open","sticky":false,"template":"","format":"standard","meta":{"_mi_skip_tracking":false,"_monsterinsights_sitenote_active":false,"_monsterinsights_sitenote_note":"","_monsterinsights_sitenote_category":0,"footnotes":""},"categories":[9,4,11],"tags":[7120,7122,7121,407,13,15],"aioseo_notices":[],"_links":{"self":[{"href":"https:\/\/infonews.az\/index.php?rest_route=\/wp\/v2\/posts\/21082"}],"collection":[{"href":"https:\/\/infonews.az\/index.php?rest_route=\/wp\/v2\/posts"}],"about":[{"href":"https:\/\/infonews.az\/index.php?rest_route=\/wp\/v2\/types\/post"}],"author":[{"embeddable":true,"href":"https:\/\/infonews.az\/index.php?rest_route=\/wp\/v2\/users\/14"}],"replies":[{"embeddable":true,"href":"https:\/\/infonews.az\/index.php?rest_route=%2Fwp%2Fv2%2Fcomments&post=21082"}],"version-history":[{"count":2,"href":"https:\/\/infonews.az\/index.php?rest_route=\/wp\/v2\/posts\/21082\/revisions"}],"predecessor-version":[{"id":21110,"href":"https:\/\/infonews.az\/index.php?rest_route=\/wp\/v2\/posts\/21082\/revisions\/21110"}],"wp:featuredmedia":[{"embeddable":true,"href":"https:\/\/infonews.az\/index.php?rest_route=\/wp\/v2\/media\/21083"}],"wp:attachment":[{"href":"https:\/\/infonews.az\/index.php?rest_route=%2Fwp%2Fv2%2Fmedia&parent=21082"}],"wp:term":[{"taxonomy":"category","embeddable":true,"href":"https:\/\/infonews.az\/index.php?rest_route=%2Fwp%2Fv2%2Fcategories&post=21082"},{"taxonomy":"post_tag","embeddable":true,"href":"https:\/\/infonews.az\/index.php?rest_route=%2Fwp%2Fv2%2Ftags&post=21082"}],"curies":[{"name":"wp","href":"https:\/\/api.w.org\/{rel}","templated":true}]}}