{"id":21379,"date":"2022-05-12T00:26:02","date_gmt":"2022-05-11T20:26:02","guid":{"rendered":"https:\/\/infonews.az\/?p=21379"},"modified":"2022-05-12T16:14:37","modified_gmt":"2022-05-12T12:14:37","slug":"sabah-bakinin-bir-sira-yerl%c9%99rind%c9%99-qaz-k%c9%99silm%c9%99l%c9%99ri-olacaq","status":"publish","type":"post","link":"https:\/\/infonews.az\/?p=21379","title":{"rendered":"Sabah Bak\u0131n\u0131n bir s\u0131ra  yerl\u0259rind\u0259 qaz  k\u0259silm\u0259l\u0259ri olacaq"},"content":{"rendered":"<p>&nbsp;<\/p>\n<p><span style=\"color: #ff0000;\"><strong><a href=\"https:\/\/infonews.az\/?p=21374\"><span style=\"color: #ff0000;\">\u201c\u0130NFONEWS.AZ\u201d<\/span><\/a><\/strong><span style=\"color: #000000;\">\u00a0 x\u0259b\u0259r verir.<\/span><\/span><\/p>\n<p>Magistral y\u00fcks\u0259k t\u0259zyiqli qaz k\u0259m\u0259rind\u0259 ba\u015f vermi\u015f qaz s\u0131zmas\u0131n\u0131n aradan qald\u0131r\u0131lmas\u0131 m\u0259qs\u0259dil\u0259 may\u0131n 12-si saat 09:00-dan i\u015fl\u0259r yekunla\u015fanad\u0259k Ab\u015feron rayonunun Novxan\u0131, Bin\u0259q\u0259di rayonunun Bin\u0259q\u0259di v\u0259 G\u00fcl\u00fcstan k\u0259ndl\u0259rinin qazla\u015fd\u0131r\u0131lmas\u0131&#8230; Bak\u0131da ya\u015fay\u0131\u015f sah\u0259si m\u00fcv\u0259qq\u0259ti m\u0259hdudla\u015fd\u0131r\u0131lacaq.<\/p>\n<p>Bu bar\u0259d\u0259 <a href=\"https:\/\/az.trend.az\">Trend<\/a>-\u0259 &#8220;Az\u0259riqaz&#8221; \u0130stehsalat Birliyind\u0259n (\u0130B) m\u0259lumat verilib.<\/p>\n<p>G\u00fcn\u00fcn birinci yar\u0131s\u0131nda t\u0259mir i\u015fl\u0259ri ba\u015fa \u00e7atd\u0131qdan sonra qaz\u0131n verili\u015finin b\u0259rpas\u0131 planla\u015fd\u0131r\u0131l\u0131r.<\/p>\n<p>&nbsp;<\/p>\n<p>&nbsp;<\/p>\n","protected":false},"excerpt":{"rendered":"<p>&nbsp; \u201c\u0130NFONEWS.AZ\u201d\u00a0 x\u0259b\u0259r verir. Magistral y\u00fcks\u0259k t\u0259zyiqli qaz k\u0259m\u0259rind\u0259 ba\u015f vermi\u015f qaz s\u0131zmas\u0131n\u0131n aradan qald\u0131r\u0131lmas\u0131 m\u0259qs\u0259dil\u0259 may\u0131n 12-si saat 09:00-dan i\u015fl\u0259r yekunla\u015fanad\u0259k Ab\u015feron rayonunun Novxan\u0131, Bin\u0259q\u0259di rayonunun Bin\u0259q\u0259di v\u0259 G\u00fcl\u00fcstan&hellip; <\/p>\n","protected":false},"author":14,"featured_media":21380,"comment_status":"open","ping_status":"open","sticky":false,"template":"","format":"standard","meta":{"_mi_skip_tracking":false,"_monsterinsights_sitenote_active":false,"_monsterinsights_sitenote_note":"","_monsterinsights_sitenote_category":0,"footnotes":""},"categories":[4632,11,4437],"tags":[911,15],"aioseo_notices":[],"_links":{"self":[{"href":"https:\/\/infonews.az\/index.php?rest_route=\/wp\/v2\/posts\/21379"}],"collection":[{"href":"https:\/\/infonews.az\/index.php?rest_route=\/wp\/v2\/posts"}],"about":[{"href":"https:\/\/infonews.az\/index.php?rest_route=\/wp\/v2\/types\/post"}],"author":[{"embeddable":true,"href":"https:\/\/infonews.az\/index.php?rest_route=\/wp\/v2\/users\/14"}],"replies":[{"embeddable":true,"href":"https:\/\/infonews.az\/index.php?rest_route=%2Fwp%2Fv2%2Fcomments&post=21379"}],"version-history":[{"count":2,"href":"https:\/\/infonews.az\/index.php?rest_route=\/wp\/v2\/posts\/21379\/revisions"}],"predecessor-version":[{"id":21428,"href":"https:\/\/infonews.az\/index.php?rest_route=\/wp\/v2\/posts\/21379\/revisions\/21428"}],"wp:featuredmedia":[{"embeddable":true,"href":"https:\/\/infonews.az\/index.php?rest_route=\/wp\/v2\/media\/21380"}],"wp:attachment":[{"href":"https:\/\/infonews.az\/index.php?rest_route=%2Fwp%2Fv2%2Fmedia&parent=21379"}],"wp:term":[{"taxonomy":"category","embeddable":true,"href":"https:\/\/infonews.az\/index.php?rest_route=%2Fwp%2Fv2%2Fcategories&post=21379"},{"taxonomy":"post_tag","embeddable":true,"href":"https:\/\/infonews.az\/index.php?rest_route=%2Fwp%2Fv2%2Ftags&post=21379"}],"curies":[{"name":"wp","href":"https:\/\/api.w.org\/{rel}","templated":true}]}}