{"id":21386,"date":"2022-05-12T07:20:59","date_gmt":"2022-05-12T03:20:59","guid":{"rendered":"https:\/\/infonews.az\/?p=21386"},"modified":"2022-05-12T16:11:43","modified_gmt":"2022-05-12T12:11:43","slug":"bu-gun-susada-xaribulbul-beyn%c9%99lxalq-folklor-festivali-baslayacaq","status":"publish","type":"post","link":"https:\/\/infonews.az\/?p=21386","title":{"rendered":"Bu g\u00fcn \u015eu\u015fada &#8220;Xar\u0131b\u00fclb\u00fcl&#8221; Beyn\u0259lxalq Folklor Festival\u0131 ba\u015flayacaq"},"content":{"rendered":"<p><span style=\"color: #ffffff;\">Bu g\u00fcn \u015eu\u015fada &#8220;Xar\u0131b\u00fclb\u00fcl&#8221; Beyn\u0259lxalq Folklor Festival\u0131 ba\u015flayacaq<\/span><\/p>\n<blockquote><p><strong>Bu g\u00fcn Az\u0259rbaycan\u0131n m\u0259d\u0259niyy\u0259t paytaxt\u0131 \u015eu\u015fa \u015f\u0259h\u0259rind\u0259 &#8220;Xar\u0131b\u00fclb\u00fcl&#8221; Beyn\u0259lxalq Folklor Festival\u0131 ba\u015flayacaq.<\/strong><\/p><\/blockquote>\n<p><strong><a href=\"http:\/\/\u0130NFONEWS\">\u0130NFONEWS<\/a><\/strong>\u00a0x\u0259b\u0259r verir ki, festival may\u0131n 14-d\u0259k davam ed\u0259c\u0259k.<\/p>\n<p>Qeyd ed\u0259k ki, t\u0259dbir Nazirl\u0259r Kabinetinin 2022-ci il 25 fevral tarixli s\u0259r\u0259ncam\u0131 il\u0259 t\u0259sdiq edilmi\u015f \u201c\u015eu\u015fa ili il\u0259 ba\u011fl\u0131 T\u0259dbirl\u0259r Plan\u0131\u201dna \u0259sas\u0259n ke\u00e7iril\u0259c\u0259k.<\/p>\n<p>Cari ild\u0259 ke\u00e7iril\u0259c\u0259k sayca be\u015finci festivalda 10 xarici \u00f6lk\u0259d\u0259n m\u00fcxt\u0259lif folklor \u00fcslublar\u0131nda \u00e7\u0131x\u0131\u015f ed\u0259n musiqi\u00e7il\u0259rin, r\u0259qs kollektivl\u0259rinin, h\u0259m\u00e7inin Az\u0259rbaycan\u0131n m\u00fcxt\u0259lif regionlar\u0131ndan folklor kollektivl\u0259rinin i\u015ftirak\u0131 n\u0259z\u0259rd\u0259 tutulur.<\/p>\n<p>\u0130lk d\u0259f\u0259 1989-cu ild\u0259 ke\u00e7irilmi\u015f v\u0259 Seyid \u015eu\u015finskinin 100 illik yubileyin\u0259 h\u0259sr edilmi\u015f festival V\u0259t\u0259n M\u00fcharib\u0259sind\u0259 qazan\u0131lm\u0131\u015f parlaq z\u0259f\u0259r n\u0259tic\u0259sind\u0259 30 illik fasil\u0259d\u0259n sonra 2021-ci ilin 12-13 may tarixl\u0259rind\u0259 \u015eu\u015fada C\u0131d\u0131r d\u00fcz\u00fcnd\u0259 Heyd\u0259r \u018fliyev Fondunun t\u0259\u015fkilat\u00e7\u0131l\u0131\u011f\u0131 il\u0259 yenid\u0259n ke\u00e7irilib.<\/p>\n<p>&nbsp;<\/p>\n<p>\u018fziz\u0259 \u018fliyeva<\/p>\n<p>\u00a9 Materiallardan istifad\u0259 ed\u0259rk\u0259n hiperlinkl\u0259 istinad olunmal\u0131d\u0131r<\/p>\n<p><strong><a href=\"http:\/\/\u0130NFONEWS\">\u0130NFONEWS<\/a><\/strong><\/p>\n","protected":false},"excerpt":{"rendered":"<p>Bu g\u00fcn \u015eu\u015fada &#8220;Xar\u0131b\u00fclb\u00fcl&#8221; Beyn\u0259lxalq Folklor Festival\u0131 ba\u015flayacaq Bu g\u00fcn Az\u0259rbaycan\u0131n m\u0259d\u0259niyy\u0259t paytaxt\u0131 \u015eu\u015fa \u015f\u0259h\u0259rind\u0259 &#8220;Xar\u0131b\u00fclb\u00fcl&#8221; Beyn\u0259lxalq Folklor Festival\u0131 ba\u015flayacaq. \u0130NFONEWS\u00a0x\u0259b\u0259r verir ki, festival may\u0131n 14-d\u0259k davam ed\u0259c\u0259k. Qeyd ed\u0259k&hellip; <\/p>\n","protected":false},"author":14,"featured_media":21387,"comment_status":"open","ping_status":"open","sticky":false,"template":"","format":"standard","meta":{"_mi_skip_tracking":false,"_monsterinsights_sitenote_active":false,"_monsterinsights_sitenote_note":"","_monsterinsights_sitenote_category":0,"footnotes":""},"categories":[10,11],"tags":[7187,7189,7188,15,260],"aioseo_notices":[],"_links":{"self":[{"href":"https:\/\/infonews.az\/index.php?rest_route=\/wp\/v2\/posts\/21386"}],"collection":[{"href":"https:\/\/infonews.az\/index.php?rest_route=\/wp\/v2\/posts"}],"about":[{"href":"https:\/\/infonews.az\/index.php?rest_route=\/wp\/v2\/types\/post"}],"author":[{"embeddable":true,"href":"https:\/\/infonews.az\/index.php?rest_route=\/wp\/v2\/users\/14"}],"replies":[{"embeddable":true,"href":"https:\/\/infonews.az\/index.php?rest_route=%2Fwp%2Fv2%2Fcomments&post=21386"}],"version-history":[{"count":2,"href":"https:\/\/infonews.az\/index.php?rest_route=\/wp\/v2\/posts\/21386\/revisions"}],"predecessor-version":[{"id":21425,"href":"https:\/\/infonews.az\/index.php?rest_route=\/wp\/v2\/posts\/21386\/revisions\/21425"}],"wp:featuredmedia":[{"embeddable":true,"href":"https:\/\/infonews.az\/index.php?rest_route=\/wp\/v2\/media\/21387"}],"wp:attachment":[{"href":"https:\/\/infonews.az\/index.php?rest_route=%2Fwp%2Fv2%2Fmedia&parent=21386"}],"wp:term":[{"taxonomy":"category","embeddable":true,"href":"https:\/\/infonews.az\/index.php?rest_route=%2Fwp%2Fv2%2Fcategories&post=21386"},{"taxonomy":"post_tag","embeddable":true,"href":"https:\/\/infonews.az\/index.php?rest_route=%2Fwp%2Fv2%2Ftags&post=21386"}],"curies":[{"name":"wp","href":"https:\/\/api.w.org\/{rel}","templated":true}]}}