{"id":21580,"date":"2022-05-17T09:02:08","date_gmt":"2022-05-17T05:02:08","guid":{"rendered":"https:\/\/infonews.az\/?p=21580"},"modified":"2022-05-17T09:47:22","modified_gmt":"2022-05-17T05:47:22","slug":"31-yasayis-m%c9%99nt%c9%99q%c9%99sind%c9%99-qaz-k%c9%99sil%c9%99c%c9%99k-x%c9%99b%c9%99rdarliq","status":"publish","type":"post","link":"https:\/\/infonews.az\/?p=21580","title":{"rendered":"31 ya\u015fay\u0131\u015f m\u0259nt\u0259q\u0259sind\u0259 qaz k\u0259sil\u0259c\u0259k &#8211; X\u018fB\u018fRDARLIQ"},"content":{"rendered":"<p><span style=\"color: #ffffff;\">31 ya\u015fay\u0131\u015f m\u0259nt\u0259q\u0259sind\u0259 qaz k\u0259sil\u0259c\u0259k &#8211; X\u018fB\u018fRDARLIQ<\/span><\/p>\n<p><a href=\"https:\/\/infonews.az\/?p=21580\"><strong><span style=\"color: #ff0000;\">&#8220;\u0130NFONEWS&#8221;<\/span><\/strong><\/a> x\u0259b\u0259r verir.<\/p>\n<p><strong>Bu g\u00fcn \u015e\u0259ki rayonunun bir hiss\u0259sinin t\u0259bii qazla t\u0259chizat\u0131nda fasil\u0259 yaranacaq.<\/strong><\/p>\n<p>Bu bar\u0259d\u0259 \u201cAz\u0259riqaz\u201d \u0130stehsalat Birliyi m\u0259lumat yay\u0131b.<\/p>\n<p>Bildirilib ki, \u201cQaz \u0130xrac\u201d \u0130dar\u0259sin\u0259 m\u0259xsus \u201cC\u0259f\u0259rabad\u201d QPS-d\u0259 apar\u0131lacaq t\u0259mir i\u015fl\u0259ri il\u0259 \u0259laq\u0259dar saat 10:00-dan i\u015fl\u0259r ba\u015fa \u00e7atana q\u0259d\u0259r \u201cC\u0259f\u0259rabad\u201d QPS-d\u0259n qidalanan \u201c\u015e\u0259ki-C\u0259f\u0259rabad\u201d qaz \u00f6l\u00e7\u00fc qov\u015fa\u011f\u0131ndan qaz t\u0259chizat\u0131n\u0131n dayand\u0131r\u0131lmas\u0131 planla\u015fd\u0131r\u0131l\u0131r.<\/p>\n<p>T\u0259mir i\u015fl\u0259ri apar\u0131lan m\u00fcdd\u0259td\u0259 \u015e\u0259ki \u015f\u0259h\u0259ri daxil olmaqla bir\u00a0q\u0259s\u0259b\u0259 v\u0259 30 k\u0259ndin qaz t\u0259chizat\u0131nda m\u00fcv\u0259qq\u0259ti fasil\u0259 yaranacaq.<\/p>\n","protected":false},"excerpt":{"rendered":"<p>31 ya\u015fay\u0131\u015f m\u0259nt\u0259q\u0259sind\u0259 qaz k\u0259sil\u0259c\u0259k &#8211; X\u018fB\u018fRDARLIQ &#8220;\u0130NFONEWS&#8221; x\u0259b\u0259r verir. Bu g\u00fcn \u015e\u0259ki rayonunun bir hiss\u0259sinin t\u0259bii qazla t\u0259chizat\u0131nda fasil\u0259 yaranacaq. Bu bar\u0259d\u0259 \u201cAz\u0259riqaz\u201d \u0130stehsalat Birliyi m\u0259lumat yay\u0131b. Bildirilib ki,&hellip; <\/p>\n","protected":false},"author":14,"featured_media":7887,"comment_status":"open","ping_status":"open","sticky":false,"template":"","format":"standard","meta":{"_mi_skip_tracking":false,"_monsterinsights_sitenote_active":false,"_monsterinsights_sitenote_note":"","_monsterinsights_sitenote_category":0,"footnotes":""},"categories":[4,11,4437],"tags":[911,4368],"aioseo_notices":[],"_links":{"self":[{"href":"https:\/\/infonews.az\/index.php?rest_route=\/wp\/v2\/posts\/21580"}],"collection":[{"href":"https:\/\/infonews.az\/index.php?rest_route=\/wp\/v2\/posts"}],"about":[{"href":"https:\/\/infonews.az\/index.php?rest_route=\/wp\/v2\/types\/post"}],"author":[{"embeddable":true,"href":"https:\/\/infonews.az\/index.php?rest_route=\/wp\/v2\/users\/14"}],"replies":[{"embeddable":true,"href":"https:\/\/infonews.az\/index.php?rest_route=%2Fwp%2Fv2%2Fcomments&post=21580"}],"version-history":[{"count":1,"href":"https:\/\/infonews.az\/index.php?rest_route=\/wp\/v2\/posts\/21580\/revisions"}],"predecessor-version":[{"id":21581,"href":"https:\/\/infonews.az\/index.php?rest_route=\/wp\/v2\/posts\/21580\/revisions\/21581"}],"wp:featuredmedia":[{"embeddable":true,"href":"https:\/\/infonews.az\/index.php?rest_route=\/wp\/v2\/media\/7887"}],"wp:attachment":[{"href":"https:\/\/infonews.az\/index.php?rest_route=%2Fwp%2Fv2%2Fmedia&parent=21580"}],"wp:term":[{"taxonomy":"category","embeddable":true,"href":"https:\/\/infonews.az\/index.php?rest_route=%2Fwp%2Fv2%2Fcategories&post=21580"},{"taxonomy":"post_tag","embeddable":true,"href":"https:\/\/infonews.az\/index.php?rest_route=%2Fwp%2Fv2%2Ftags&post=21580"}],"curies":[{"name":"wp","href":"https:\/\/api.w.org\/{rel}","templated":true}]}}