{"id":216,"date":"2020-12-04T14:56:25","date_gmt":"2020-12-04T10:56:25","guid":{"rendered":"http:\/\/infonews.az\/?p=216"},"modified":"2020-12-04T17:03:13","modified_gmt":"2020-12-04T13:03:13","slug":"biz-v%c9%99t%c9%99n-mu%cc%88harib%c9%99si-s%cc%a7%c9%99hidl%c9%99rini-hec%cc%a7-vaxt-unutmayacag%cc%86iq-onlar-bizim-q%c9%99lbimizd%c9%99-daim-yas%cc%a7ayacaq-mehriban-%c9%99liyeva","status":"publish","type":"post","link":"https:\/\/infonews.az\/?p=216","title":{"rendered":"&#8220;Biz V\u0259t\u0259n mu\u0308harib\u0259si s\u0327\u0259hidl\u0259rini hec\u0327 vaxt unutmayacag\u0306\u0131q. Onlar bizim q\u0259lbimizd\u0259 daim yas\u0327ayacaq.&#8221;- Mehriban \u018fliyeva"},"content":{"rendered":"<blockquote><p>&#8220;\u018fziz qardas\u0327lar v\u0259 bac\u0131lar!<\/p>\n<p>Bu gu\u0308n biz V\u0259t\u0259n mu\u0308harib\u0259si do\u0308yu\u0308s\u0327l\u0259rind\u0259 h\u0259lak olmus\u0327 s\u0327\u0259hidl\u0259rin xatir\u0259sini yad edirik.<\/p>\n<p>Az\u0259rbaycan xalq\u0131n\u0131n igid og\u0306ullar\u0131 Z\u0259f\u0259r namin\u0259, Az\u0259rbaycan\u0131n g\u0259l\u0259c\u0259yi namin\u0259 canlar\u0131ndan kec\u0327ib.<br \/>\nOnlar\u0131n h\u0259r biri \u0259sl q\u0259hr\u0259man, r\u0259s\u0327ad\u0259t v\u0259 qorxmazl\u0131q nu\u0308mun\u0259sidir.<br \/>\nBu gu\u0308n m\u0259n s\u0327\u0259hidl\u0259rimizin ail\u0259l\u0259ri il\u0259 birlikd\u0259 k\u0259d\u0259rl\u0259nir, V\u0259t\u0259n namin\u0259 can\u0131ndan kec\u0327m\u0259y\u0259 haz\u0131r olan og\u0306ullar t\u0259rbiy\u0259 etmis\u0327 valideynl\u0259rin qars\u0327\u0131s\u0131nda bas\u0327 \u0259yir\u0259m. S\u0327\u0259hidl\u0259rimizin qan\u0131 nahaq yer\u0259 to\u0308ku\u0308lm\u0259di \u2013 biz tarixi \u0259dal\u0259ti b\u0259rpa etdik, mu\u0308q\u0259dd\u0259s Q\u0259l\u0259b\u0259 qazand\u0131q. Bu Q\u0259l\u0259b\u0259 xalq\u0131m\u0131z\u0131n tarixin\u0259 \u0259b\u0259di h\u0259kk olundu!<br \/>\nH\u0259r birimiz bu Z\u0259f\u0259rin n\u0259yin bahas\u0131na qazan\u0131ld\u0131g\u0306\u0131n\u0131 yadda saxlamag\u0306a borcluyuq! Biz V\u0259t\u0259n mu\u0308harib\u0259si s\u0327\u0259hidl\u0259rini hec\u0327 vaxt unutmayacag\u0306\u0131q. Onlar bizim q\u0259lbimizd\u0259 daim yas\u0327ayacaq.<br \/>\nAllah s\u0327\u0259hidl\u0259rimiz\u0259 r\u0259hm\u0259t el\u0259sin, yaral\u0131lara tezlikl\u0259 s\u0327\u0259fa, onlar\u0131n ail\u0259l\u0259rin\u0259 v\u0259 yax\u0131nlar\u0131na gu\u0308c v\u0259 s\u0259bir versin! Uca Tanr\u0131 Az\u0259rbaycan\u0131 v\u0259 Az\u0259rbaycan xalq\u0131n\u0131 qorusun!&#8221;<\/p><\/blockquote>\n<p><a href=\"http:\/\/infonews.az\"><span style=\"color: #ff0000;\">\u00a0&#8220;\u0130NFONEWS&#8221;<\/span><\/a> x\u0259b\u0259r verir ki, bu s\u00f6zl\u0259ri Az\u0259rbaycan Respublikas\u0131n\u0131n Birinci vitse-prezidenti, Heyd\u0259r \u018fliyev Fondunun prezidenti Mehriban xan\u0131m \u018fliyeva \u00f6z \u015f\u0259xsi instagram hesab\u0131nda yaz\u0131b.<\/p>\n","protected":false},"excerpt":{"rendered":"<p>&#8220;\u018fziz qardas\u0327lar v\u0259 bac\u0131lar! Bu gu\u0308n biz V\u0259t\u0259n mu\u0308harib\u0259si do\u0308yu\u0308s\u0327l\u0259rind\u0259 h\u0259lak olmus\u0327 s\u0327\u0259hidl\u0259rin xatir\u0259sini yad edirik. Az\u0259rbaycan xalq\u0131n\u0131n igid og\u0306ullar\u0131 Z\u0259f\u0259r namin\u0259, Az\u0259rbaycan\u0131n g\u0259l\u0259c\u0259yi namin\u0259 canlar\u0131ndan kec\u0327ib. Onlar\u0131n h\u0259r biri&hellip; <\/p>\n","protected":false},"author":3,"featured_media":217,"comment_status":"open","ping_status":"open","sticky":false,"template":"","format":"standard","meta":{"_mi_skip_tracking":false,"_monsterinsights_sitenote_active":false,"_monsterinsights_sitenote_note":"","_monsterinsights_sitenote_category":0,"footnotes":""},"categories":[11,50],"tags":[17],"aioseo_notices":[],"_links":{"self":[{"href":"https:\/\/infonews.az\/index.php?rest_route=\/wp\/v2\/posts\/216"}],"collection":[{"href":"https:\/\/infonews.az\/index.php?rest_route=\/wp\/v2\/posts"}],"about":[{"href":"https:\/\/infonews.az\/index.php?rest_route=\/wp\/v2\/types\/post"}],"author":[{"embeddable":true,"href":"https:\/\/infonews.az\/index.php?rest_route=\/wp\/v2\/users\/3"}],"replies":[{"embeddable":true,"href":"https:\/\/infonews.az\/index.php?rest_route=%2Fwp%2Fv2%2Fcomments&post=216"}],"version-history":[{"count":1,"href":"https:\/\/infonews.az\/index.php?rest_route=\/wp\/v2\/posts\/216\/revisions"}],"predecessor-version":[{"id":218,"href":"https:\/\/infonews.az\/index.php?rest_route=\/wp\/v2\/posts\/216\/revisions\/218"}],"wp:featuredmedia":[{"embeddable":true,"href":"https:\/\/infonews.az\/index.php?rest_route=\/wp\/v2\/media\/217"}],"wp:attachment":[{"href":"https:\/\/infonews.az\/index.php?rest_route=%2Fwp%2Fv2%2Fmedia&parent=216"}],"wp:term":[{"taxonomy":"category","embeddable":true,"href":"https:\/\/infonews.az\/index.php?rest_route=%2Fwp%2Fv2%2Fcategories&post=216"},{"taxonomy":"post_tag","embeddable":true,"href":"https:\/\/infonews.az\/index.php?rest_route=%2Fwp%2Fv2%2Ftags&post=216"}],"curies":[{"name":"wp","href":"https:\/\/api.w.org\/{rel}","templated":true}]}}