{"id":21738,"date":"2022-05-22T12:18:05","date_gmt":"2022-05-22T08:18:05","guid":{"rendered":"https:\/\/infonews.az\/?p=21738"},"modified":"2022-05-22T12:18:05","modified_gmt":"2022-05-22T08:18:05","slug":"az%c9%99rbaycanin-xin-bascisi-turkiy%c9%99y%c9%99-bassagligi-verib","status":"publish","type":"post","link":"https:\/\/infonews.az\/?p=21738","title":{"rendered":"Az\u0259rbaycan\u0131n X\u0130N ba\u015f\u00e7\u0131s\u0131 T\u00fcrkiy\u0259y\u0259 ba\u015fsa\u011fl\u0131\u011f\u0131 verib"},"content":{"rendered":"<p><span style=\"color: #ffffff\">Az\u0259rbaycan\u0131n X\u0130N ba\u015f\u00e7\u0131s\u0131 T\u00fcrkiy\u0259y\u0259 ba\u015fsa\u011fl\u0131\u011f\u0131 verib<\/span><\/p>\n<blockquote><p><strong>Az\u0259rbaycan\u0131n xarici i\u015fl\u0259r naziri Ceyhun Bayramov T\u00fcrkiy\u0259d\u0259 a\u011f\u0131r yol q\u0259zas\u0131 il\u0259 ba\u011fl\u0131 ba\u015fsa\u011fl\u0131\u011f\u0131 verib.<\/strong><\/p><\/blockquote>\n<p><strong><a href=\"http:\/\/\u0130NFONEWS\">\u0130NFONEWS<\/a><\/strong>\u00a0x\u0259b\u0259r verir ki, ba\u015fsa\u011fl\u0131\u011f\u0131da deyilir:<\/p>\n<p>&#8220;Qarda\u015f T\u00fcrkiy\u0259d\u0259 Adanadan Konya istiqam\u0259tind\u0259 t\u0259l\u0259b\u0259l\u0259ri da\u015f\u0131yan avtobusun q\u0259za t\u00f6r\u0259tm\u0259si x\u0259b\u0259ri bizi \u00e7ox k\u0259d\u0259rl\u0259ndirdi. Q\u0259za n\u0259tic\u0259sind\u0259 h\u0259yat\u0131n\u0131 itir\u0259nl\u0259rin ail\u0259 \u00fczvl\u0259rin\u0259 v\u0259 yax\u0131nlar\u0131na ba\u015fsa\u011fl\u0131\u011f\u0131 bildirir, yaral\u0131lara Allahdan \u015f\u0259fa dil\u0259yirik&#8221;.<\/p>\n<p>&nbsp;<\/p>\n<p>\u018fziz\u0259 \u018fliyeva<\/p>\n<p>\u00a9 Materiallardan istifad\u0259 ed\u0259rk\u0259n hiperlinkl\u0259 istinad olunmal\u0131d\u0131r<\/p>\n<p><strong><a href=\"http:\/\/\u0130NFONEWS\">\u0130NFONEWS<\/a><\/strong><\/p>\n","protected":false},"excerpt":{"rendered":"<p>Az\u0259rbaycan\u0131n X\u0130N ba\u015f\u00e7\u0131s\u0131 T\u00fcrkiy\u0259y\u0259 ba\u015fsa\u011fl\u0131\u011f\u0131 verib Az\u0259rbaycan\u0131n xarici i\u015fl\u0259r naziri Ceyhun Bayramov T\u00fcrkiy\u0259d\u0259 a\u011f\u0131r yol q\u0259zas\u0131 il\u0259 ba\u011fl\u0131 ba\u015fsa\u011fl\u0131\u011f\u0131 verib. \u0130NFONEWS\u00a0x\u0259b\u0259r verir ki, ba\u015fsa\u011fl\u0131\u011f\u0131da deyilir: &#8220;Qarda\u015f T\u00fcrkiy\u0259d\u0259 Adanadan Konya istiqam\u0259tind\u0259&hellip; <\/p>\n","protected":false},"author":14,"featured_media":21739,"comment_status":"open","ping_status":"open","sticky":false,"template":"","format":"standard","meta":{"_mi_skip_tracking":false,"_monsterinsights_sitenote_active":false,"_monsterinsights_sitenote_note":"","_monsterinsights_sitenote_category":0,"footnotes":""},"categories":[11],"tags":[7284,7106,7285,7283,5525,15,6217],"aioseo_notices":[],"_links":{"self":[{"href":"https:\/\/infonews.az\/index.php?rest_route=\/wp\/v2\/posts\/21738"}],"collection":[{"href":"https:\/\/infonews.az\/index.php?rest_route=\/wp\/v2\/posts"}],"about":[{"href":"https:\/\/infonews.az\/index.php?rest_route=\/wp\/v2\/types\/post"}],"author":[{"embeddable":true,"href":"https:\/\/infonews.az\/index.php?rest_route=\/wp\/v2\/users\/14"}],"replies":[{"embeddable":true,"href":"https:\/\/infonews.az\/index.php?rest_route=%2Fwp%2Fv2%2Fcomments&post=21738"}],"version-history":[{"count":2,"href":"https:\/\/infonews.az\/index.php?rest_route=\/wp\/v2\/posts\/21738\/revisions"}],"predecessor-version":[{"id":21741,"href":"https:\/\/infonews.az\/index.php?rest_route=\/wp\/v2\/posts\/21738\/revisions\/21741"}],"wp:featuredmedia":[{"embeddable":true,"href":"https:\/\/infonews.az\/index.php?rest_route=\/wp\/v2\/media\/21739"}],"wp:attachment":[{"href":"https:\/\/infonews.az\/index.php?rest_route=%2Fwp%2Fv2%2Fmedia&parent=21738"}],"wp:term":[{"taxonomy":"category","embeddable":true,"href":"https:\/\/infonews.az\/index.php?rest_route=%2Fwp%2Fv2%2Fcategories&post=21738"},{"taxonomy":"post_tag","embeddable":true,"href":"https:\/\/infonews.az\/index.php?rest_route=%2Fwp%2Fv2%2Ftags&post=21738"}],"curies":[{"name":"wp","href":"https:\/\/api.w.org\/{rel}","templated":true}]}}