{"id":22354,"date":"2022-06-01T16:59:25","date_gmt":"2022-06-01T12:59:25","guid":{"rendered":"https:\/\/infonews.az\/?p=22354"},"modified":"2022-06-01T17:21:50","modified_gmt":"2022-06-01T13:21:50","slug":"usaqlarin-beyn%c9%99lxalq-mudafi%c9%99si-gunu-munasib%c9%99til%c9%99-silsil%c9%99-t%c9%99dbirl%c9%99r-kecirilib","status":"publish","type":"post","link":"https:\/\/infonews.az\/?p=22354","title":{"rendered":"U\u015faqlar\u0131n Beyn\u0259lxalq M\u00fcdafi\u0259si G\u00fcn\u00fc m\u00fcnasib\u0259til\u0259 silsil\u0259 t\u0259dbirl\u0259r ke\u00e7irilib"},"content":{"rendered":"<p><span style=\"color: #ffffff;\">U\u015faqlar\u0131n Beyn\u0259lxalq M\u00fcdafi\u0259si G\u00fcn\u00fc m\u00fcnasib\u0259til\u0259 silsil\u0259 t\u0259dbirl\u0259r ke\u00e7irilib<\/span><\/p>\n<blockquote><p><span style=\"color: #000000;\">M\u00fcdafi\u0259 nazirinin tap\u015f\u0131r\u0131\u011f\u0131na \u0259sas\u0259n, 1 iyun &#8211; U\u015faqlar\u0131n Beyn\u0259lxalq M\u00fcdafi\u0259si G\u00fcn\u00fc m\u00fcnasib\u0259til\u0259 Az\u0259rbaycan Ordusunun h\u0259rbi hiss\u0259 v\u0259 x\u00fcsusi t\u0259yinatl\u0131 t\u0259hsil m\u00fc\u0259ssis\u0259l\u0259rind\u0259 silsil\u0259 t\u0259dbirl\u0259r ke\u00e7irilib.<\/span><\/p><\/blockquote>\n<p><span style=\"color: #000000;\">Bu bar\u0259d\u0259 <a href=\"https:\/\/infonews.az\/\"><strong><span style=\"color: #000080;\">&#8220;<\/span><span style=\"color: #000080;\"><strong>\u0130NFONEWS&#8221;<\/strong><\/span><\/strong><\/a>-a M\u00fcdafi\u0259 Nazirliyind\u0259n m\u0259lumat verilib.<\/span><\/p>\n<p><span style=\"color: #000000;\">T\u0259dbirl\u0259rd\u0259 \u0259vv\u0259lc\u0259 xalq\u0131m\u0131z\u0131n \u00fcmummilli lideri Heyd\u0259r \u018fliyevin v\u0259 Az\u0259rbaycan\u0131n m\u00fcst\u0259qilliyi, \u0259razi b\u00fct\u00f6vl\u00fcy\u00fc u\u011frunda can\u0131ndan ke\u00e7\u0259n \u015f\u0259hidl\u0259rin xatir\u0259si bir d\u0259qiq\u0259lik s\u00fckutla yad olunub, d\u00f6vl\u0259t himni s\u0259sl\u0259ndirilib.<\/span><\/p>\n<p><span style=\"color: #000000;\">Bayram m\u00fcnasib\u0259til\u0259 \u015f\u0259hid v\u0259 qazi ail\u0259l\u0259ri ziyar\u0259t edilib, u\u015faqlar\u0131n h\u0259rbi hiss\u0259l\u0259r\u0259 s\u0259f\u0259rl\u0259ri t\u0259\u015fkil olunub, \u0259sg\u0259rl\u0259rl\u0259 g\u00f6r\u00fc\u015fl\u0259r ke\u00e7irilib, el\u0259c\u0259 d\u0259 H\u0259zi Aslanov ad\u0131na Ordu \u0130deoloji v\u0259 M\u0259d\u0259niyy\u0259t M\u0259rk\u0259zinin,\u00a0 G\u0259nc\u0259 Qarnizonu \u0130deoloji v\u0259 M\u0259d\u0259niyy\u0259t M\u0259rk\u0259zinin, rayon m\u0259d\u0259niyy\u0259t m\u00fc\u0259ssis\u0259l\u0259ri kollektivl\u0259rinin t\u0259\u015fkilat\u00e7\u0131l\u0131\u011f\u0131 il\u0259 konsert proqram\u0131 t\u0259qdim olunub.<\/span><\/p>\n<div class=\"wonderplugin-video\" style=\"width:600px;height:400px;position:relative;display:block;background-color:#000;overflow:hidden;max-width:100%;margin:0 auto;\" data-aspectratio=\"1.5\"><iframe loading=\"lazy\" class=\"wpve-iframe\" width=\"100%\" height=\"100%\" src=\"https:\/\/www.youtube.com\/embed\/u9yE8I6fhLY\" frameborder=\"0\" allowfullscreen><\/iframe><\/div>\n","protected":false},"excerpt":{"rendered":"<p>U\u015faqlar\u0131n Beyn\u0259lxalq M\u00fcdafi\u0259si G\u00fcn\u00fc m\u00fcnasib\u0259til\u0259 silsil\u0259 t\u0259dbirl\u0259r ke\u00e7irilib M\u00fcdafi\u0259 nazirinin tap\u015f\u0131r\u0131\u011f\u0131na \u0259sas\u0259n, 1 iyun &#8211; U\u015faqlar\u0131n Beyn\u0259lxalq M\u00fcdafi\u0259si G\u00fcn\u00fc m\u00fcnasib\u0259til\u0259 Az\u0259rbaycan Ordusunun h\u0259rbi hiss\u0259 v\u0259 x\u00fcsusi t\u0259yinatl\u0131 t\u0259hsil m\u00fc\u0259ssis\u0259l\u0259rind\u0259 silsil\u0259&hellip; <\/p>\n","protected":false},"author":3,"featured_media":22355,"comment_status":"open","ping_status":"open","sticky":false,"template":"","format":"standard","meta":{"_mi_skip_tracking":false,"_monsterinsights_sitenote_active":false,"_monsterinsights_sitenote_note":"","_monsterinsights_sitenote_category":0,"footnotes":""},"categories":[6664,11],"tags":[4687,593,7375],"aioseo_notices":[],"_links":{"self":[{"href":"https:\/\/infonews.az\/index.php?rest_route=\/wp\/v2\/posts\/22354"}],"collection":[{"href":"https:\/\/infonews.az\/index.php?rest_route=\/wp\/v2\/posts"}],"about":[{"href":"https:\/\/infonews.az\/index.php?rest_route=\/wp\/v2\/types\/post"}],"author":[{"embeddable":true,"href":"https:\/\/infonews.az\/index.php?rest_route=\/wp\/v2\/users\/3"}],"replies":[{"embeddable":true,"href":"https:\/\/infonews.az\/index.php?rest_route=%2Fwp%2Fv2%2Fcomments&post=22354"}],"version-history":[{"count":1,"href":"https:\/\/infonews.az\/index.php?rest_route=\/wp\/v2\/posts\/22354\/revisions"}],"predecessor-version":[{"id":22356,"href":"https:\/\/infonews.az\/index.php?rest_route=\/wp\/v2\/posts\/22354\/revisions\/22356"}],"wp:featuredmedia":[{"embeddable":true,"href":"https:\/\/infonews.az\/index.php?rest_route=\/wp\/v2\/media\/22355"}],"wp:attachment":[{"href":"https:\/\/infonews.az\/index.php?rest_route=%2Fwp%2Fv2%2Fmedia&parent=22354"}],"wp:term":[{"taxonomy":"category","embeddable":true,"href":"https:\/\/infonews.az\/index.php?rest_route=%2Fwp%2Fv2%2Fcategories&post=22354"},{"taxonomy":"post_tag","embeddable":true,"href":"https:\/\/infonews.az\/index.php?rest_route=%2Fwp%2Fv2%2Ftags&post=22354"}],"curies":[{"name":"wp","href":"https:\/\/api.w.org\/{rel}","templated":true}]}}