{"id":2289,"date":"2021-01-13T12:07:18","date_gmt":"2021-01-13T08:07:18","guid":{"rendered":"https:\/\/infonews.az\/?p=2289"},"modified":"2021-01-13T12:07:18","modified_gmt":"2021-01-13T08:07:18","slug":"mehriban-%c9%99liyeva-z%c9%99f%c9%99r-muzeyinin-m%c9%99zmununun-hazirlanmasi-il%c9%99-bagli-tapsiriq-verdi","status":"publish","type":"post","link":"https:\/\/infonews.az\/?p=2289","title":{"rendered":"Mehriban \u018fliyeva Z\u0259f\u0259r muzeyinin m\u0259zmununun haz\u0131rlanmas\u0131 il\u0259 ba\u011fl\u0131 tap\u015f\u0131r\u0131q verdi"},"content":{"rendered":"<p><strong>\u0130NFONEWS<\/strong> x\u0259b\u0259r verir.<\/p>\n<p>M\u0259d\u0259niyy\u0259t Nazirliyinin t\u0259\u015fkilat\u00e7\u0131l\u0131\u011f\u0131 il\u0259 V\u0259t\u0259n m\u00fcharib\u0259si memorial kompleksi v\u0259 Z\u0259f\u0259r muzeyinin m\u0259zmununun haz\u0131rlanmas\u0131 il\u0259 ba\u011fl\u0131 onlayn g\u00f6r\u00fc\u015f ke\u00e7irilib.<\/p>\n<p>M\u0259d\u0259niyy\u0259t Nazirliyind\u0259n veril\u0259n m\u0259lumata g\u00f6r\u0259, g\u00f6r\u00fc\u015fd\u0259 \u00e7\u0131x\u0131\u015f ed\u0259n m\u0259d\u0259niyy\u0259t nazirinin m\u00fcavini Sevda M\u0259mm\u0259d\u0259liyeva Bak\u0131 \u015f\u0259h\u0259rind\u0259 V\u0259t\u0259n m\u00fcharib\u0259si memorial kompleksi v\u0259 Z\u0259f\u0259r muzeyinin yarad\u0131lmas\u0131 haqq\u0131nda Az\u0259rbaycan Respublikas\u0131 Prezidentinin 3 dekabr 2020-ci il tarixli 2316 n\u00f6mr\u0259li S\u0259r\u0259ncam\u0131n\u0131n icras\u0131 il\u0259 ba\u011fl\u0131 Nazirlik t\u0259r\u0259find\u0259n g\u00f6r\u00fcl\u0259n i\u015fl\u0259r bar\u0259d\u0259 m\u0259lumat verib.<\/p>\n<p>Eyni zamanda g\u00f6r\u00fc\u015fd\u0259 qeyd olunub ki, Az\u0259rbaycan Respublikas\u0131n\u0131n Birinci vitse-prezidenti Mehriban xan\u0131m \u018fliyevan\u0131n tap\u015f\u0131r\u0131\u011f\u0131na \u0259sas\u0259n Z\u0259f\u0259r muzeyinin m\u0259zmununun haz\u0131rlanmas\u0131 v\u0259 bununla ba\u011fl\u0131 \u0130\u015f\u00e7i qrupunun yarad\u0131lmas\u0131 M\u0259d\u0259niyy\u0259t Nazirliyin\u0259 h\u0259val\u0259 edilib.<\/p>\n<p>Q\u0131sa m\u00fcdd\u0259t \u0259rzind\u0259 t\u0259rtib edilmi\u015f V\u0259t\u0259n m\u00fcharib\u0259si memorial kompleksi v\u0259 Z\u0259f\u0259r muzeyinin konsepsiyas\u0131 bar\u0259d\u0259 g\u00f6r\u00fc\u015f i\u015ftirak\u00e7\u0131lar\u0131 aras\u0131nda ilkin m\u00fczakir\u0259l\u0259r v\u0259 fikir m\u00fcbadil\u0259si apar\u0131l\u0131b.<\/p>\n<p>H\u0259m\u00e7inin, V\u0259t\u0259n m\u00fcharib\u0259si memorial kompleksinin v\u0259 Z\u0259f\u0259r muzeyinin qurulmas\u0131 m\u0259qs\u0259dil\u0259 m\u0259zmun materiallar\u0131n\u0131n toplanmas\u0131 \u00fczr\u0259 T\u0259dbirl\u0259r Plan\u0131n\u0131n ilkin layih\u0259si d\u0259 g\u00f6r\u00fc\u015fd\u0259 m\u00fczakir\u0259 edilib.<\/p>\n<p>Qeyd ed\u0259k ki, bu yax\u0131nlarda Nazirliyin n\u0259zdind\u0259 yarad\u0131lacaq daxili \u0130\u015f\u00e7i qrupunun g\u00f6r\u00fc\u015fl\u0259rinin daha geni\u015f t\u0259rkibd\u0259 ke\u00e7irilm\u0259si n\u0259z\u0259rd\u0259 tutulur.<\/p>\n","protected":false},"excerpt":{"rendered":"<p>\u0130NFONEWS x\u0259b\u0259r verir. M\u0259d\u0259niyy\u0259t Nazirliyinin t\u0259\u015fkilat\u00e7\u0131l\u0131\u011f\u0131 il\u0259 V\u0259t\u0259n m\u00fcharib\u0259si memorial kompleksi v\u0259 Z\u0259f\u0259r muzeyinin m\u0259zmununun haz\u0131rlanmas\u0131 il\u0259 ba\u011fl\u0131 onlayn g\u00f6r\u00fc\u015f ke\u00e7irilib. M\u0259d\u0259niyy\u0259t Nazirliyind\u0259n veril\u0259n m\u0259lumata g\u00f6r\u0259, g\u00f6r\u00fc\u015fd\u0259 \u00e7\u0131x\u0131\u015f ed\u0259n m\u0259d\u0259niyy\u0259t&hellip; <\/p>\n","protected":false},"author":3,"featured_media":2290,"comment_status":"open","ping_status":"open","sticky":false,"template":"","format":"standard","meta":{"_mi_skip_tracking":false,"_monsterinsights_sitenote_active":false,"_monsterinsights_sitenote_note":"","_monsterinsights_sitenote_category":0,"footnotes":""},"categories":[10,11],"tags":[17,403,532,405],"aioseo_notices":[],"_links":{"self":[{"href":"https:\/\/infonews.az\/index.php?rest_route=\/wp\/v2\/posts\/2289"}],"collection":[{"href":"https:\/\/infonews.az\/index.php?rest_route=\/wp\/v2\/posts"}],"about":[{"href":"https:\/\/infonews.az\/index.php?rest_route=\/wp\/v2\/types\/post"}],"author":[{"embeddable":true,"href":"https:\/\/infonews.az\/index.php?rest_route=\/wp\/v2\/users\/3"}],"replies":[{"embeddable":true,"href":"https:\/\/infonews.az\/index.php?rest_route=%2Fwp%2Fv2%2Fcomments&post=2289"}],"version-history":[{"count":1,"href":"https:\/\/infonews.az\/index.php?rest_route=\/wp\/v2\/posts\/2289\/revisions"}],"predecessor-version":[{"id":2291,"href":"https:\/\/infonews.az\/index.php?rest_route=\/wp\/v2\/posts\/2289\/revisions\/2291"}],"wp:featuredmedia":[{"embeddable":true,"href":"https:\/\/infonews.az\/index.php?rest_route=\/wp\/v2\/media\/2290"}],"wp:attachment":[{"href":"https:\/\/infonews.az\/index.php?rest_route=%2Fwp%2Fv2%2Fmedia&parent=2289"}],"wp:term":[{"taxonomy":"category","embeddable":true,"href":"https:\/\/infonews.az\/index.php?rest_route=%2Fwp%2Fv2%2Fcategories&post=2289"},{"taxonomy":"post_tag","embeddable":true,"href":"https:\/\/infonews.az\/index.php?rest_route=%2Fwp%2Fv2%2Ftags&post=2289"}],"curies":[{"name":"wp","href":"https:\/\/api.w.org\/{rel}","templated":true}]}}