{"id":22908,"date":"2022-06-16T12:06:49","date_gmt":"2022-06-16T08:06:49","guid":{"rendered":"https:\/\/infonews.az\/?p=22908"},"modified":"2022-06-16T13:56:46","modified_gmt":"2022-06-16T09:56:46","slug":"qlobal-dunya-nizamina-t%c9%99hdidl%c9%99r-ix-qlobal-baki-forumu-is%c9%99-baslayib","status":"publish","type":"post","link":"https:\/\/infonews.az\/?p=22908","title":{"rendered":"\u201cQlobal d\u00fcnya nizam\u0131na t\u0259hdidl\u0259r\u201d &#8211; IX Qlobal Bak\u0131 Forumu i\u015f\u0259 ba\u015flay\u0131b"},"content":{"rendered":"<p><span style=\"color: #ffffff;\">\u201cQlobal d\u00fcnya nizam\u0131na t\u0259hdidl\u0259r\u201d &#8211; IX Qlobal Bak\u0131 Forumu i\u015f\u0259 ba\u015flay\u0131b <\/span><\/p>\n<p><img loading=\"lazy\" decoding=\"async\" class=\"aligncenter size-full wp-image-22910\" src=\"https:\/\/infonews.az\/wp-content\/uploads\/2022\/06\/16553627461080733687_1000x669.jpg\" alt=\"\" width=\"1000\" height=\"551\" srcset=\"https:\/\/infonews.az\/wp-content\/uploads\/2022\/06\/16553627461080733687_1000x669.jpg?v=1660871909 1000w, https:\/\/infonews.az\/wp-content\/uploads\/2022\/06\/16553627461080733687_1000x669-300x165.jpg?v=1660871909 300w, https:\/\/infonews.az\/wp-content\/uploads\/2022\/06\/16553627461080733687_1000x669-768x423.jpg?v=1660871909 768w\" sizes=\"(max-width: 1000px) 100vw, 1000px\" \/><\/p>\n<blockquote><p>Az\u0259rbaycan Respublikas\u0131n\u0131n Prezidenti \u0130lham \u018fliyevin himay\u0259si alt\u0131nda v\u0259 Nizami G\u0259nc\u0259vi Beyn\u0259lxalq M\u0259rk\u0259zinin t\u0259\u015fkilat\u00e7\u0131l\u0131\u011f\u0131 il\u0259 iyunun 16-da \u201cQlobal d\u00fcnya nizam\u0131na t\u0259hdidl\u0259r\u201d m\u00f6vzusunda IX Qlobal Bak\u0131 Forumu i\u015f\u0259 ba\u015flay\u0131b.<\/p><\/blockquote>\n<p><a href=\"https:\/\/infonews.az\/?p=22908\"><span style=\"color: #ff0000;\"><strong>&#8220;\u0130NFONEWS&#8221;<\/strong> <\/span><\/a>x\u0259b\u0259r verir ki, Az\u0259rbaycan Respublikas\u0131n\u0131n Prezidenti \u0130lham \u018fliyev Forumun a\u00e7\u0131l\u0131\u015f m\u0259rasimind\u0259 i\u015ftirak edib.<\/p>\n<p>\u018fvv\u0259lc\u0259, xatir\u0259 fotosu \u00e7\u0259kdirildi.<\/p>\n<p>IX Qlobal Bak\u0131 Forumunu a\u00e7\u0131q elan ed\u0259n Nizami G\u0259nc\u0259vi Beyn\u0259lxalq M\u0259rk\u0259zinin h\u0259ms\u0259dri \u0130smail Serageldin s\u00f6z\u00fc d\u00f6vl\u0259timizin ba\u015f\u00e7\u0131s\u0131na verdi.<\/p>\n<p>Prezident \u0130lham \u018fliyev Forumun a\u00e7\u0131l\u0131\u015f m\u0259rasimind\u0259 nitq s\u00f6yl\u0259di.<\/p>\n<p>Sonra Latviyan\u0131n sabiq Prezidenti, Nizami G\u0259nc\u0259vi Beyn\u0259lxalq M\u0259rk\u0259zinin h\u0259ms\u0259dri Vayra Vike-Freyberqa, Albaniyan\u0131n Prezidenti \u0130lir Meta, Bosniya v\u0259 Herseqovinan\u0131n R\u0259yas\u0259t Hey\u0259tinin s\u0259dri \u015eefik Caferovi\u00e7, G\u00fcrc\u00fcstan Prezidenti Salome Zurabi\u015fvili,\u00a0\u00dcmumd\u00fcnya S\u0259hiyy\u0259 T\u0259\u015fkilat\u0131n\u0131n Ba\u015f direktoru Tedros Adhanom Qebreyesus, T\u00fcrkiy\u0259nin sabiq Ba\u015f naziri Bin\u0259li Y\u0131ld\u0131r\u0131m, BMT-nin Cenevr\u0259 b\u00f6lm\u0259sinin ba\u015f direktoru Tatyana Valovaya, \u018fr\u0259b D\u00f6vl\u0259tl\u0259ri Liqas\u0131n\u0131n ba\u015f katibi \u018fhm\u0259d Abul Qeyt v\u0259 Nizami G\u0259nc\u0259vi Beyn\u0259lxalq M\u0259rk\u0259zinin h\u0259ms\u0259dri \u0130smail Serageldin \u00e7\u0131x\u0131\u015f etdil\u0259r.<\/p>\n<p>Forum i\u015fini panel iclaslarla davam etdir\u0259c\u0259k.<\/p>\n<p><img loading=\"lazy\" decoding=\"async\" class=\"aligncenter size-full wp-image-22911\" src=\"https:\/\/infonews.az\/wp-content\/uploads\/2022\/06\/1655362748823230171_1000x669.jpg\" alt=\"\" width=\"1000\" height=\"645\" srcset=\"https:\/\/infonews.az\/wp-content\/uploads\/2022\/06\/1655362748823230171_1000x669.jpg?v=1660871909 1000w, https:\/\/infonews.az\/wp-content\/uploads\/2022\/06\/1655362748823230171_1000x669-300x194.jpg?v=1660871909 300w, https:\/\/infonews.az\/wp-content\/uploads\/2022\/06\/1655362748823230171_1000x669-768x495.jpg?v=1660871909 768w\" sizes=\"(max-width: 1000px) 100vw, 1000px\" \/><\/p>\n","protected":false},"excerpt":{"rendered":"<p>\u201cQlobal d\u00fcnya nizam\u0131na t\u0259hdidl\u0259r\u201d &#8211; IX Qlobal Bak\u0131 Forumu i\u015f\u0259 ba\u015flay\u0131b Az\u0259rbaycan Respublikas\u0131n\u0131n Prezidenti \u0130lham \u018fliyevin himay\u0259si alt\u0131nda v\u0259 Nizami G\u0259nc\u0259vi Beyn\u0259lxalq M\u0259rk\u0259zinin t\u0259\u015fkilat\u00e7\u0131l\u0131\u011f\u0131 il\u0259 iyunun 16-da \u201cQlobal d\u00fcnya nizam\u0131na&hellip; <\/p>\n","protected":false},"author":14,"featured_media":22913,"comment_status":"open","ping_status":"open","sticky":false,"template":"","format":"standard","meta":{"_mi_skip_tracking":false,"_monsterinsights_sitenote_active":false,"_monsterinsights_sitenote_note":"","_monsterinsights_sitenote_category":0,"footnotes":""},"categories":[4,6,11],"tags":[7459,1008,15,7458],"aioseo_notices":[],"_links":{"self":[{"href":"https:\/\/infonews.az\/index.php?rest_route=\/wp\/v2\/posts\/22908"}],"collection":[{"href":"https:\/\/infonews.az\/index.php?rest_route=\/wp\/v2\/posts"}],"about":[{"href":"https:\/\/infonews.az\/index.php?rest_route=\/wp\/v2\/types\/post"}],"author":[{"embeddable":true,"href":"https:\/\/infonews.az\/index.php?rest_route=\/wp\/v2\/users\/14"}],"replies":[{"embeddable":true,"href":"https:\/\/infonews.az\/index.php?rest_route=%2Fwp%2Fv2%2Fcomments&post=22908"}],"version-history":[{"count":1,"href":"https:\/\/infonews.az\/index.php?rest_route=\/wp\/v2\/posts\/22908\/revisions"}],"predecessor-version":[{"id":22912,"href":"https:\/\/infonews.az\/index.php?rest_route=\/wp\/v2\/posts\/22908\/revisions\/22912"}],"wp:featuredmedia":[{"embeddable":true,"href":"https:\/\/infonews.az\/index.php?rest_route=\/wp\/v2\/media\/22913"}],"wp:attachment":[{"href":"https:\/\/infonews.az\/index.php?rest_route=%2Fwp%2Fv2%2Fmedia&parent=22908"}],"wp:term":[{"taxonomy":"category","embeddable":true,"href":"https:\/\/infonews.az\/index.php?rest_route=%2Fwp%2Fv2%2Fcategories&post=22908"},{"taxonomy":"post_tag","embeddable":true,"href":"https:\/\/infonews.az\/index.php?rest_route=%2Fwp%2Fv2%2Ftags&post=22908"}],"curies":[{"name":"wp","href":"https:\/\/api.w.org\/{rel}","templated":true}]}}