{"id":22946,"date":"2022-06-20T08:11:37","date_gmt":"2022-06-20T04:11:37","guid":{"rendered":"https:\/\/infonews.az\/?p=22946"},"modified":"2022-06-20T09:42:04","modified_gmt":"2022-06-20T05:42:04","slug":"az%c9%99rbaycan-butun-b%c9%99rpa-isl%c9%99rini-oz-v%c9%99saiti-hesabina-aparir","status":"publish","type":"post","link":"https:\/\/infonews.az\/?p=22946","title":{"rendered":"&#8220;Az\u0259rbaycan b\u00fct\u00fcn b\u0259rpa i\u015fl\u0259rini \u00f6z v\u0259saiti hesab\u0131na apar\u0131r&#8221;"},"content":{"rendered":"<p><span style=\"color: #ffffff;\"><strong>&#8220;Az\u0259rbaycan b\u00fct\u00fcn b\u0259rpa i\u015fl\u0259rini \u00f6z v\u0259saiti hesab\u0131na apar\u0131r&#8221;<\/strong><\/span><\/p>\n<blockquote><p><strong>&#8220;Az\u0259rbaycan b\u00fct\u00fcn b\u0259rpa i\u015fl\u0259rini \u00f6z v\u0259saiti hesab\u0131na h\u0259yata ke\u00e7irir&#8221;<\/strong><\/p><\/blockquote>\n<p><a href=\"https:\/\/infonews.az\/?p=22946\"><strong><span style=\"color: #ff0000;\">&#8220;\u0130NFONEWS&#8221;<\/span><\/strong><\/a> x\u0259b\u0259r verir ki, bunu bunu Prezidentin Qaraba\u011f iqtisadi rayonuna daxil olan i\u015f\u011faldan azad edilmi\u015f \u0259razil\u0259rd\u0259 (\u015eu\u015fa rayonu istisna olmaqla) x\u00fcsusi n\u00fcmay\u0259nd\u0259si Emin H\u00fcseynov jurnalistl\u0259r\u0259 a\u00e7\u0131qlamas\u0131nda deyib.<\/p>\n<p>Onun s\u00f6zl\u0259rin\u0259 g\u00f6r\u0259, IX Qlobal Bak\u0131 Forumunun panelinin bu g\u00fcn \u015eu\u015fada ke\u00e7irilm\u0259si \u0259lam\u0259tdar bir hadis\u0259dir, \u00e7\u00fcnki forumda i\u015ftirak ed\u0259n xarici \u00f6lk\u0259l\u0259rin n\u00fcmay\u0259nd\u0259l\u0259ri burada apar\u0131lan i\u015fl\u0259rl\u0259 yax\u0131ndan tan\u0131\u015f olur.<\/p>\n<p>E.H\u00fcseynov qeyd edib ki, bu g\u00fcn qonaqlara \u0259razil\u0259rin b\u0259rpas\u0131, minalardan t\u0259mizl\u0259nm\u0259si istiqam\u0259tind\u0259 apar\u0131lan i\u015fl\u0259r v\u0259 bu prosesin m\u00fcr\u0259kk\u0259bliyi bar\u0259d\u0259 m\u0259lumat verilib. (report)<\/p>\n","protected":false},"excerpt":{"rendered":"<p>&#8220;Az\u0259rbaycan b\u00fct\u00fcn b\u0259rpa i\u015fl\u0259rini \u00f6z v\u0259saiti hesab\u0131na apar\u0131r&#8221; &#8220;Az\u0259rbaycan b\u00fct\u00fcn b\u0259rpa i\u015fl\u0259rini \u00f6z v\u0259saiti hesab\u0131na h\u0259yata ke\u00e7irir&#8221; &#8220;\u0130NFONEWS&#8221; x\u0259b\u0259r verir ki, bunu bunu Prezidentin Qaraba\u011f iqtisadi rayonuna daxil olan i\u015f\u011faldan&hellip; <\/p>\n","protected":false},"author":14,"featured_media":22947,"comment_status":"open","ping_status":"open","sticky":false,"template":"","format":"standard","meta":{"_mi_skip_tracking":false,"_monsterinsights_sitenote_active":false,"_monsterinsights_sitenote_note":"","_monsterinsights_sitenote_category":0,"footnotes":""},"categories":[4,2,11],"tags":[4368,5688,7458,7467],"aioseo_notices":[],"_links":{"self":[{"href":"https:\/\/infonews.az\/index.php?rest_route=\/wp\/v2\/posts\/22946"}],"collection":[{"href":"https:\/\/infonews.az\/index.php?rest_route=\/wp\/v2\/posts"}],"about":[{"href":"https:\/\/infonews.az\/index.php?rest_route=\/wp\/v2\/types\/post"}],"author":[{"embeddable":true,"href":"https:\/\/infonews.az\/index.php?rest_route=\/wp\/v2\/users\/14"}],"replies":[{"embeddable":true,"href":"https:\/\/infonews.az\/index.php?rest_route=%2Fwp%2Fv2%2Fcomments&post=22946"}],"version-history":[{"count":1,"href":"https:\/\/infonews.az\/index.php?rest_route=\/wp\/v2\/posts\/22946\/revisions"}],"predecessor-version":[{"id":22948,"href":"https:\/\/infonews.az\/index.php?rest_route=\/wp\/v2\/posts\/22946\/revisions\/22948"}],"wp:featuredmedia":[{"embeddable":true,"href":"https:\/\/infonews.az\/index.php?rest_route=\/wp\/v2\/media\/22947"}],"wp:attachment":[{"href":"https:\/\/infonews.az\/index.php?rest_route=%2Fwp%2Fv2%2Fmedia&parent=22946"}],"wp:term":[{"taxonomy":"category","embeddable":true,"href":"https:\/\/infonews.az\/index.php?rest_route=%2Fwp%2Fv2%2Fcategories&post=22946"},{"taxonomy":"post_tag","embeddable":true,"href":"https:\/\/infonews.az\/index.php?rest_route=%2Fwp%2Fv2%2Ftags&post=22946"}],"curies":[{"name":"wp","href":"https:\/\/api.w.org\/{rel}","templated":true}]}}