{"id":23396,"date":"2022-07-19T09:02:51","date_gmt":"2022-07-19T05:02:51","guid":{"rendered":"https:\/\/infonews.az\/?p=23396"},"modified":"2022-07-19T09:56:46","modified_gmt":"2022-07-19T05:56:46","slug":"agali-k%c9%99ndin%c9%99-ayin-sonuna-kimi-41-ail%c9%99-kocurul%c9%99c%c9%99k-vahid-haciyev","status":"publish","type":"post","link":"https:\/\/infonews.az\/?p=23396","title":{"rendered":"&#8220;A\u011fal\u0131 k\u0259ndin\u0259 ay\u0131n sonuna kimi 41 ail\u0259 k\u00f6\u00e7\u00fcr\u00fcl\u0259c\u0259k&#8221; &#8211; Vahid Hac\u0131yev"},"content":{"rendered":"<p><span style=\"color: #ffffff;\">&#8220;A\u011fal\u0131 k\u0259ndin\u0259 ay\u0131n sonuna kimi 41 ail\u0259 k\u00f6\u00e7\u00fcr\u00fcl\u0259c\u0259k&#8221; &#8211; Vahid Hac\u0131yev<\/span><\/p>\n<blockquote><p>Bu g\u00fcnd\u0259n \u0259halinin ilk qrupunun Z\u0259ngilan\u0131n A\u011fal\u0131 k\u0259ndin\u0259 k\u00f6\u00e7\u00fcr\u00fclm\u0259sin\u0259 ba\u015flan\u0131l\u0131r. \u00dcmumilikd\u0259, 41 ail\u0259nin d\u00f6rd m\u0259rh\u0259l\u0259d\u0259 k\u00f6\u00e7\u00fcr\u00fclm\u0259si planla\u015fd\u0131r\u0131l\u0131b. \u0130lk m\u0259rh\u0259l\u0259d\u0259 10 ail\u0259 k\u00f6\u00e7\u0259c\u0259k. A\u011fal\u0131 k\u0259ndin\u0259 K\u00f6\u00e7\u00fcr\u00fcl\u0259c\u0259k t\u0259xmin\u0259n 200 n\u0259f\u0259r burada h\u0259r c\u00fcr \u015f\u0259raitl\u0259 t\u0259min olunacaq.<\/p><\/blockquote>\n<p><a href=\"https:\/\/infonews.az\/?p=23396\"><span style=\"color: #ff0000;\"><strong>&#8220;\u0130NFONEWS&#8221;<\/strong><\/span> <\/a>x\u0259b\u0259r verir ki, bunu A\u011fal\u0131 sakinl\u0259rini yolasalma m\u0259rasimind\u0259 Prezidentin \u015e\u0259rqi Z\u0259ng\u0259zur iqtisadi rayonuna daxil olan Z\u0259ngilan rayonunda x\u00fcsusi n\u00fcmay\u0259nd\u0259si Vahid Hac\u0131yev jurnalistl\u0259r\u0259 a\u00e7\u0131qlamas\u0131nda bildirib.<\/p>\n<p>Vahid Hac\u0131yevin s\u00f6zl\u0259rin\u0259 g\u00f6r\u0259, b\u00fct\u00fcn k\u00f6\u00e7 prosesi d\u00f6vl\u0259timizin ba\u015f\u00e7\u0131s\u0131n\u0131n birba\u015fa n\u0259zar\u0259ti alt\u0131ndad\u0131r.<\/p>\n<p>Qeyd olunub ki, A\u011fal\u0131da m\u0259skunla\u015facaq sakinl\u0259r y\u00fcks\u0259k keyfiyy\u0259tli, \u201ca\u011f\u0131ll\u0131\u201d texnologiyalarla t\u0259chiz edilmi\u015f evl\u0259rl\u0259 t\u0259min olunacaqlar. Orada ya\u015fayacaq \u0259halinin m\u0259\u015f\u011fulluq, sosial, t\u0259hsil, tibb m\u0259s\u0259l\u0259l\u0259ri m\u00fcvafiq qurumlar t\u0259r\u0259find\u0259n h\u0259ll edil\u0259c\u0259k.<\/p>\n<p>&#8220;A\u011fal\u0131 k\u0259ndin\u0259 n\u00f6vb\u0259ti aylarda da k\u00f6\u00e7\u00fcr\u00fclm\u0259 n\u0259z\u0259rd\u0259 tutulur. Bu g\u00fcn is\u0259 58 n\u0259f\u0259rin A\u011fal\u0131ya k\u00f6\u00e7\u00fcr\u00fclm\u0259si planla\u015fd\u0131r\u0131l\u0131r. \u00dcmumilikd\u0259 is\u0259 41 ail\u0259d\u0259n 201 n\u0259f\u0259r n\u00f6vb\u0259ti 5 g\u00fcn \u0259rzind\u0259 A\u011fal\u0131ya k\u00f6\u00e7\u00fcr\u00fcl\u0259c\u0259k&#8221;, &#8211; dey\u0259 Prezidentin \u015e\u0259rqi Z\u0259ng\u0259zur iqtisadi rayonuna daxil olan Z\u0259ngilan rayonunda x\u00fcsusi n\u00fcmay\u0259nd\u0259si bildirib.<\/p>\n","protected":false},"excerpt":{"rendered":"<p>&#8220;A\u011fal\u0131 k\u0259ndin\u0259 ay\u0131n sonuna kimi 41 ail\u0259 k\u00f6\u00e7\u00fcr\u00fcl\u0259c\u0259k&#8221; &#8211; Vahid Hac\u0131yev Bu g\u00fcnd\u0259n \u0259halinin ilk qrupunun Z\u0259ngilan\u0131n A\u011fal\u0131 k\u0259ndin\u0259 k\u00f6\u00e7\u00fcr\u00fclm\u0259sin\u0259 ba\u015flan\u0131l\u0131r. \u00dcmumilikd\u0259, 41 ail\u0259nin d\u00f6rd m\u0259rh\u0259l\u0259d\u0259 k\u00f6\u00e7\u00fcr\u00fclm\u0259si planla\u015fd\u0131r\u0131l\u0131b. \u0130lk m\u0259rh\u0259l\u0259d\u0259&hellip; <\/p>\n","protected":false},"author":14,"featured_media":23397,"comment_status":"open","ping_status":"open","sticky":false,"template":"","format":"standard","meta":{"_mi_skip_tracking":false,"_monsterinsights_sitenote_active":false,"_monsterinsights_sitenote_note":"","_monsterinsights_sitenote_category":0,"footnotes":""},"categories":[5373,4,11],"tags":[7578,15,7580,303],"aioseo_notices":[],"_links":{"self":[{"href":"https:\/\/infonews.az\/index.php?rest_route=\/wp\/v2\/posts\/23396"}],"collection":[{"href":"https:\/\/infonews.az\/index.php?rest_route=\/wp\/v2\/posts"}],"about":[{"href":"https:\/\/infonews.az\/index.php?rest_route=\/wp\/v2\/types\/post"}],"author":[{"embeddable":true,"href":"https:\/\/infonews.az\/index.php?rest_route=\/wp\/v2\/users\/14"}],"replies":[{"embeddable":true,"href":"https:\/\/infonews.az\/index.php?rest_route=%2Fwp%2Fv2%2Fcomments&post=23396"}],"version-history":[{"count":1,"href":"https:\/\/infonews.az\/index.php?rest_route=\/wp\/v2\/posts\/23396\/revisions"}],"predecessor-version":[{"id":23398,"href":"https:\/\/infonews.az\/index.php?rest_route=\/wp\/v2\/posts\/23396\/revisions\/23398"}],"wp:featuredmedia":[{"embeddable":true,"href":"https:\/\/infonews.az\/index.php?rest_route=\/wp\/v2\/media\/23397"}],"wp:attachment":[{"href":"https:\/\/infonews.az\/index.php?rest_route=%2Fwp%2Fv2%2Fmedia&parent=23396"}],"wp:term":[{"taxonomy":"category","embeddable":true,"href":"https:\/\/infonews.az\/index.php?rest_route=%2Fwp%2Fv2%2Fcategories&post=23396"},{"taxonomy":"post_tag","embeddable":true,"href":"https:\/\/infonews.az\/index.php?rest_route=%2Fwp%2Fv2%2Ftags&post=23396"}],"curies":[{"name":"wp","href":"https:\/\/api.w.org\/{rel}","templated":true}]}}