{"id":23555,"date":"2022-07-22T21:00:00","date_gmt":"2022-07-22T17:00:00","guid":{"rendered":"https:\/\/infonews.az\/?p=23555"},"modified":"2022-07-22T21:00:00","modified_gmt":"2022-07-22T17:00:00","slug":"turkiy%c9%99-rusiya-v%c9%99-ukrayna-arasinda-taxil-ixracina-dair-sazis-imzalanib","status":"publish","type":"post","link":"https:\/\/infonews.az\/?p=23555","title":{"rendered":"T\u00fcrkiy\u0259, Rusiya v\u0259 Ukrayna aras\u0131nda tax\u0131l ixrac\u0131na dair sazi\u015f imzalan\u0131b"},"content":{"rendered":"<p><span style=\"color: #ffffff\">T\u00fcrkiy\u0259, Rusiya v\u0259 Ukrayna aras\u0131nda tax\u0131l ixrac\u0131na dair sazi\u015f imzalan\u0131b<\/span><\/p>\n<blockquote><p><strong>T\u00fcrkiy\u0259, Ukrayna v\u0259 Rusiya n\u00fcmay\u0259nd\u0259l\u0259ri aras\u0131nda Ukraynadan tax\u0131l ixrac\u0131na dair sazi\u015f imzalan\u0131b.<\/strong><\/p><\/blockquote>\n<p><strong><a href=\"http:\/\/\u0130NFONEWS\">\u0130NFONEWS<\/a><\/strong>\u00a0x\u0259b\u0259r verir ki, imzalanma m\u0259rasimi \u0130stanbulda ke\u00e7irilib.<\/p>\n<p>Sazi\u015fi T\u00fcrkiy\u0259nin milli m\u00fcdafi\u0259 naziri Hulusi Akar, Rusiayn\u0131n m\u00fcdafi\u0259 naziri Sergey \u015eoyqu v\u0259 Ukraynan\u0131n infrastruktur naziri Aleksandr Kubrakov imzalay\u0131blar.<\/p>\n<p>Sazi\u015f T\u00fcrkiy\u0259 Prezidenti R\u0259c\u0259b Tayyib \u018frdo\u011fan v\u0259 BMT Ba\u015f katibi Antonio Quttere\u015fin i\u015ftirak\u0131 il\u0259 imzalan\u0131b.<\/p>\n<p>S\u0259n\u0259d\u0259 \u0259sas\u0259n, Ukrayna tax\u0131l\u0131n\u0131n Qara d\u0259nizd\u0259n t\u0259hl\u00fck\u0259siz ixrac\u0131 t\u0259min olunacaq.<\/p>\n<p>&nbsp;<\/p>\n<p>\u018fziz\u0259 \u018fliyeva<\/p>\n<p>\u00a9 Materiallardan istifad\u0259 ed\u0259rk\u0259n hiperlinkl\u0259 istinad olunmal\u0131d\u0131r<\/p>\n<p><strong><a href=\"http:\/\/\u0130NFONEWS\">\u0130NFONEWS<\/a><\/strong><\/p>\n<p>&nbsp;<\/p>\n","protected":false},"excerpt":{"rendered":"<p>T\u00fcrkiy\u0259, Rusiya v\u0259 Ukrayna aras\u0131nda tax\u0131l ixrac\u0131na dair sazi\u015f imzalan\u0131b T\u00fcrkiy\u0259, Ukrayna v\u0259 Rusiya n\u00fcmay\u0259nd\u0259l\u0259ri aras\u0131nda Ukraynadan tax\u0131l ixrac\u0131na dair sazi\u015f imzalan\u0131b. \u0130NFONEWS\u00a0x\u0259b\u0259r verir ki, imzalanma m\u0259rasimi \u0130stanbulda ke\u00e7irilib. Sazi\u015fi&hellip; <\/p>\n","protected":false},"author":14,"featured_media":23556,"comment_status":"open","ping_status":"open","sticky":false,"template":"","format":"standard","meta":{"_mi_skip_tracking":false,"_monsterinsights_sitenote_active":false,"_monsterinsights_sitenote_note":"","_monsterinsights_sitenote_category":0,"footnotes":""},"categories":[9,11],"tags":[7334,7644,358,4413,143,12,172],"aioseo_notices":[],"_links":{"self":[{"href":"https:\/\/infonews.az\/index.php?rest_route=\/wp\/v2\/posts\/23555"}],"collection":[{"href":"https:\/\/infonews.az\/index.php?rest_route=\/wp\/v2\/posts"}],"about":[{"href":"https:\/\/infonews.az\/index.php?rest_route=\/wp\/v2\/types\/post"}],"author":[{"embeddable":true,"href":"https:\/\/infonews.az\/index.php?rest_route=\/wp\/v2\/users\/14"}],"replies":[{"embeddable":true,"href":"https:\/\/infonews.az\/index.php?rest_route=%2Fwp%2Fv2%2Fcomments&post=23555"}],"version-history":[{"count":1,"href":"https:\/\/infonews.az\/index.php?rest_route=\/wp\/v2\/posts\/23555\/revisions"}],"predecessor-version":[{"id":23557,"href":"https:\/\/infonews.az\/index.php?rest_route=\/wp\/v2\/posts\/23555\/revisions\/23557"}],"wp:featuredmedia":[{"embeddable":true,"href":"https:\/\/infonews.az\/index.php?rest_route=\/wp\/v2\/media\/23556"}],"wp:attachment":[{"href":"https:\/\/infonews.az\/index.php?rest_route=%2Fwp%2Fv2%2Fmedia&parent=23555"}],"wp:term":[{"taxonomy":"category","embeddable":true,"href":"https:\/\/infonews.az\/index.php?rest_route=%2Fwp%2Fv2%2Fcategories&post=23555"},{"taxonomy":"post_tag","embeddable":true,"href":"https:\/\/infonews.az\/index.php?rest_route=%2Fwp%2Fv2%2Ftags&post=23555"}],"curies":[{"name":"wp","href":"https:\/\/api.w.org\/{rel}","templated":true}]}}