{"id":23571,"date":"2022-07-23T15:04:14","date_gmt":"2022-07-23T11:04:14","guid":{"rendered":"https:\/\/infonews.az\/?p=23571"},"modified":"2022-07-23T17:00:53","modified_gmt":"2022-07-23T13:00:53","slug":"r%c9%99fiq%c9%99-huseyn-zad%c9%99-sohr%c9%99t-ordeni-il%c9%99-t%c9%99ltif-edilib","status":"publish","type":"post","link":"https:\/\/infonews.az\/?p=23571","title":{"rendered":"R\u0259fiq\u0259 H\u00fcseyn-zad\u0259 \u201c\u015e\u00f6hr\u0259t\u201d ordeni il\u0259 t\u0259ltif edilib"},"content":{"rendered":"<p><span style=\"color: #ffffff;\">R\u0259fiq\u0259 H\u00fcseyn-zad\u0259 \u201c\u015e\u00f6hr\u0259t\u201d ordeni il\u0259 t\u0259ltif edilib<\/span><\/p>\n<p><span style=\"color: #000000;\">Az\u0259rbaycan Respublikas\u0131 D\u00f6vl\u0259t Neft \u015eirk\u0259tinin Ekologiya \u00fczr\u0259 vitse-prezidenti, tan\u0131nm\u0131\u015f elm xadimi \u00a0R\u0259fiq\u0259 Abdul A\u011fa q\u0131z\u0131 H\u00fcseyn-zad\u0259 \u201c\u015e\u00f6hr\u0259t\u201d ordeni il\u0259 t\u0259ltif edilib.\u00a0<\/span><\/p>\n<p><span style=\"color: #000000;\"><a href=\"https:\/\/infonews.az\/\"><span style=\"color: #000080;\"><strong>&#8220;\u0130NFONEWS&#8221;<\/strong><\/span><\/a> x\u0259b\u0259r verir ki, Prezident \u0130lham \u018fliyev bununla ba\u011fl\u0131 S\u0259r\u0259ncam imzalay\u0131b.<\/span><\/p>\n<p><span style=\"color: #000000;\">S\u0259r\u0259ncamda deyilir:<\/span><\/p>\n<p><span style=\"color: #000000;\">Az\u0259rbaycan Respublikas\u0131 Konstitusiyas\u0131n\u0131n 109-cu madd\u0259sinin 23-c\u00fc b\u0259ndini r\u0259hb\u0259r tutaraq q\u0259rara al\u0131ram:<\/span><\/p>\n<p><span style=\"color: #000000;\">Az\u0259rbaycan Respublikas\u0131nda neft s\u0259nayesinin inki\u015faf\u0131nda xidm\u0259tl\u0259rin\u0259 g\u00f6r\u0259 R\u0259fiq\u0259 Abdul A\u011fa q\u0131z\u0131 H\u00fcseyn-zad\u0259 \u201c\u015e\u00f6hr\u0259t\u201d ordeni il\u0259 t\u0259ltif edilsin.<\/span><\/p>\n<p><span style=\"color: #000000;\">\u0130lham \u018fliyev<\/span><\/p>\n<p><span style=\"color: #000000;\">Az\u0259rbaycan Respublikas\u0131n\u0131n Prezidenti<\/span><\/p>\n<p><span style=\"color: #000000;\">Bak\u0131 \u015f\u0259h\u0259ri, 23 iyul 2022-ci il<\/span><\/p>\n","protected":false},"excerpt":{"rendered":"<p>R\u0259fiq\u0259 H\u00fcseyn-zad\u0259 \u201c\u015e\u00f6hr\u0259t\u201d ordeni il\u0259 t\u0259ltif edilib Az\u0259rbaycan Respublikas\u0131 D\u00f6vl\u0259t Neft \u015eirk\u0259tinin Ekologiya \u00fczr\u0259 vitse-prezidenti, tan\u0131nm\u0131\u015f elm xadimi \u00a0R\u0259fiq\u0259 Abdul A\u011fa q\u0131z\u0131 H\u00fcseyn-zad\u0259 \u201c\u015e\u00f6hr\u0259t\u201d ordeni il\u0259 t\u0259ltif edilib.\u00a0 &#8220;\u0130NFONEWS&#8221; x\u0259b\u0259r&hellip; <\/p>\n","protected":false},"author":3,"featured_media":23572,"comment_status":"open","ping_status":"open","sticky":false,"template":"","format":"standard","meta":{"_mi_skip_tracking":false,"_monsterinsights_sitenote_active":false,"_monsterinsights_sitenote_note":"","_monsterinsights_sitenote_category":0,"footnotes":""},"categories":[4,11],"tags":[4707,5971,20,7648,34],"aioseo_notices":[],"_links":{"self":[{"href":"https:\/\/infonews.az\/index.php?rest_route=\/wp\/v2\/posts\/23571"}],"collection":[{"href":"https:\/\/infonews.az\/index.php?rest_route=\/wp\/v2\/posts"}],"about":[{"href":"https:\/\/infonews.az\/index.php?rest_route=\/wp\/v2\/types\/post"}],"author":[{"embeddable":true,"href":"https:\/\/infonews.az\/index.php?rest_route=\/wp\/v2\/users\/3"}],"replies":[{"embeddable":true,"href":"https:\/\/infonews.az\/index.php?rest_route=%2Fwp%2Fv2%2Fcomments&post=23571"}],"version-history":[{"count":1,"href":"https:\/\/infonews.az\/index.php?rest_route=\/wp\/v2\/posts\/23571\/revisions"}],"predecessor-version":[{"id":23573,"href":"https:\/\/infonews.az\/index.php?rest_route=\/wp\/v2\/posts\/23571\/revisions\/23573"}],"wp:featuredmedia":[{"embeddable":true,"href":"https:\/\/infonews.az\/index.php?rest_route=\/wp\/v2\/media\/23572"}],"wp:attachment":[{"href":"https:\/\/infonews.az\/index.php?rest_route=%2Fwp%2Fv2%2Fmedia&parent=23571"}],"wp:term":[{"taxonomy":"category","embeddable":true,"href":"https:\/\/infonews.az\/index.php?rest_route=%2Fwp%2Fv2%2Fcategories&post=23571"},{"taxonomy":"post_tag","embeddable":true,"href":"https:\/\/infonews.az\/index.php?rest_route=%2Fwp%2Fv2%2Ftags&post=23571"}],"curies":[{"name":"wp","href":"https:\/\/api.w.org\/{rel}","templated":true}]}}