{"id":23626,"date":"2022-07-25T14:11:05","date_gmt":"2022-07-25T10:11:05","guid":{"rendered":"https:\/\/infonews.az\/?p=23626"},"modified":"2022-07-25T14:11:05","modified_gmt":"2022-07-25T10:11:05","slug":"goygolun-39-yasli-icra-bascisi-kimdir","status":"publish","type":"post","link":"https:\/\/infonews.az\/?p=23626","title":{"rendered":"G\u00f6yg\u00f6l\u00fcn 39 ya\u015fl\u0131 icra ba\u015f\u00e7\u0131s\u0131 kimdir?"},"content":{"rendered":"<p><span style=\"color: #ffffff;\">G\u00f6yg\u00f6l\u00fcn 39 ya\u015fl\u0131 icra ba\u015f\u00e7\u0131s\u0131 kimdir?<\/span><\/p>\n<blockquote>\n<div class=\"lead\"><span style=\"color: #000000;\"><strong>X\u0259b\u0259r verdiyimiz kimi Elvin Nazim o\u011flu Pa\u015fayev G\u00f6yg\u00f6l Rayon \u0130cra Hakimiyy\u0259tinin ba\u015f\u00e7\u0131s\u0131 t\u0259yin edilib.<\/strong><\/span><\/div>\n<\/blockquote>\n<div class=\"lead\"><span style=\"color: #000000;\"><a href=\"https:\/\/infonews.az\/\"><strong>\u201c\u0130NFONEWS\u201d<\/strong><\/a>\u00a0x\u0259b\u0259r verir ki, bug\u00fcn Prezident \u0130lham \u018fliyev bununla ba\u011fl\u0131 S\u0259r\u0259ncam imzalay\u0131b.<\/span><\/div>\n<div><\/div>\n<div class=\"lead\"><span style=\"color: #000000;\">Elvin Pa\u015fayev 27 iyul 1983-c\u00fc ild\u0259 anadan olub. Bak\u0131 D\u00f6vl\u0259t Universitetind\u0259 Region\u015f\u00fcnasl\u0131q ixtisas\u0131 \u00fczr\u0259 t\u0259hsil al\u0131b.<\/span><\/div>\n<div class=\"lead\"><span style=\"color: #000000;\">Yeni ba\u015f\u00e7\u0131 18 illik i\u015f t\u0259cr\u00fcb\u0259si d\u00f6vr\u00fcnd\u0259 \u018fm\u0259k v\u0259 \u018fhalinin Sosial M\u00fcdafi\u0259si Nazirliyind\u0259 kadrlar \u015f\u00f6b\u0259sinin sektor m\u00fcdiri, Az\u0259rbaycan Prezidenti yan\u0131nda V\u0259t\u0259nda\u015flara Xidm\u0259t v\u0259 Sosial \u0130nnovasiyalar \u00fczr\u0259 D\u00f6vl\u0259t Agentliyind\u0259 \u0130nsan resurslar\u0131 v\u0259 t\u0259lim \u015f\u00f6b\u0259sinin m\u00fcdiri v\u0259zif\u0259l\u0259rind\u0259 \u00e7al\u0131\u015f\u0131b. Bununla yana\u015f\u0131 o, D\u00fcnya Bank\u0131 v\u0259 Avropa Birliyinin layih\u0259l\u0259rind\u0259 m\u0259sl\u0259h\u0259t\u00e7i-ekspert kimi \u00e7al\u0131\u015f\u0131b. Az\u0259rbaycan \u0130nsan Resurslar\u0131 Assosiasiyas\u0131 \u0130ctimai Birliyinin (A\u0130RA) t\u0259sis\u00e7il\u0259rind\u0259n biridir.<\/span><\/div>\n<div class=\"lead\">\n<span style=\"color: #000000;\">T\u0259yinata q\u0259d\u0259r o, K\u0259nd T\u0259s\u0259rr\u00fcfat\u0131 Nazirliyinin Aparat r\u0259hb\u0259rinin m\u00fcavini v\u0259zif\u0259sind\u0259 \u00e7al\u0131\u015f\u0131b. Prezident \u0130lham \u018fliyevin 2020-ci il iyunun 23-d\u0259 &#8220;D\u00f6vl\u0259t qulluq\u00e7ular\u0131n\u0131n t\u0259ltif edilm\u0259si haqq\u0131nda&#8221; imzalad\u0131\u011f\u0131 s\u0259r\u0259ncam\u0131na \u0259sas\u0259n, u\u011furlu f\u0259aliyy\u0259tin\u0259 g\u00f6r\u0259 t\u0259ltif edilib. Az\u0259rbaycan Milli Elml\u0259r Akademiyas\u0131nda doktorantura t\u0259hsili al\u0131b.<\/span><\/div>\n","protected":false},"excerpt":{"rendered":"<p>G\u00f6yg\u00f6l\u00fcn 39 ya\u015fl\u0131 icra ba\u015f\u00e7\u0131s\u0131 kimdir? X\u0259b\u0259r verdiyimiz kimi Elvin Nazim o\u011flu Pa\u015fayev G\u00f6yg\u00f6l Rayon \u0130cra Hakimiyy\u0259tinin ba\u015f\u00e7\u0131s\u0131 t\u0259yin edilib. \u201c\u0130NFONEWS\u201d\u00a0x\u0259b\u0259r verir ki, bug\u00fcn Prezident \u0130lham \u018fliyev bununla ba\u011fl\u0131 S\u0259r\u0259ncam&hellip; <\/p>\n","protected":false},"author":3,"featured_media":23622,"comment_status":"open","ping_status":"open","sticky":false,"template":"","format":"standard","meta":{"_mi_skip_tracking":false,"_monsterinsights_sitenote_active":false,"_monsterinsights_sitenote_note":"","_monsterinsights_sitenote_category":0,"footnotes":""},"categories":[5373,11],"tags":[7667,7666],"aioseo_notices":[],"_links":{"self":[{"href":"https:\/\/infonews.az\/index.php?rest_route=\/wp\/v2\/posts\/23626"}],"collection":[{"href":"https:\/\/infonews.az\/index.php?rest_route=\/wp\/v2\/posts"}],"about":[{"href":"https:\/\/infonews.az\/index.php?rest_route=\/wp\/v2\/types\/post"}],"author":[{"embeddable":true,"href":"https:\/\/infonews.az\/index.php?rest_route=\/wp\/v2\/users\/3"}],"replies":[{"embeddable":true,"href":"https:\/\/infonews.az\/index.php?rest_route=%2Fwp%2Fv2%2Fcomments&post=23626"}],"version-history":[{"count":1,"href":"https:\/\/infonews.az\/index.php?rest_route=\/wp\/v2\/posts\/23626\/revisions"}],"predecessor-version":[{"id":23627,"href":"https:\/\/infonews.az\/index.php?rest_route=\/wp\/v2\/posts\/23626\/revisions\/23627"}],"wp:featuredmedia":[{"embeddable":true,"href":"https:\/\/infonews.az\/index.php?rest_route=\/wp\/v2\/media\/23622"}],"wp:attachment":[{"href":"https:\/\/infonews.az\/index.php?rest_route=%2Fwp%2Fv2%2Fmedia&parent=23626"}],"wp:term":[{"taxonomy":"category","embeddable":true,"href":"https:\/\/infonews.az\/index.php?rest_route=%2Fwp%2Fv2%2Fcategories&post=23626"},{"taxonomy":"post_tag","embeddable":true,"href":"https:\/\/infonews.az\/index.php?rest_route=%2Fwp%2Fv2%2Ftags&post=23626"}],"curies":[{"name":"wp","href":"https:\/\/api.w.org\/{rel}","templated":true}]}}