{"id":23775,"date":"2022-07-30T08:14:04","date_gmt":"2022-07-30T04:14:04","guid":{"rendered":"https:\/\/infonews.az\/?p=23775"},"modified":"2022-07-30T11:08:04","modified_gmt":"2022-07-30T07:08:04","slug":"ii-milli-yaylaq-festivali-dun%c9%99n-oz-f%c9%99aliyy%c9%99tin%c9%99-start-verdi","status":"publish","type":"post","link":"https:\/\/infonews.az\/?p=23775","title":{"rendered":"II Milli Yaylaq Festival\u0131 d\u00fcn\u0259n \u00f6z f\u0259aliyy\u0259tin\u0259 START VERD\u0130"},"content":{"rendered":"<p><span style=\"color: #ffffff;\">II Milli Yaylaq Festival\u0131 d\u00fcn\u0259n \u00f6z f\u0259aliyy\u0259tin\u0259 START VERD\u0130<\/span><\/p>\n<p><img loading=\"lazy\" decoding=\"async\" class=\"aligncenter size-full wp-image-23777\" src=\"https:\/\/infonews.az\/wp-content\/uploads\/2022\/07\/16591129971304529424_1000x669.jpg\" alt=\"\" width=\"980\" height=\"669\" srcset=\"https:\/\/infonews.az\/wp-content\/uploads\/2022\/07\/16591129971304529424_1000x669.jpg?v=1660871789 980w, https:\/\/infonews.az\/wp-content\/uploads\/2022\/07\/16591129971304529424_1000x669-300x205.jpg?v=1660871789 300w, https:\/\/infonews.az\/wp-content\/uploads\/2022\/07\/16591129971304529424_1000x669-768x524.jpg?v=1660871789 768w\" sizes=\"(max-width: 980px) 100vw, 980px\" \/><\/p>\n<blockquote><p>\u0130yulun 29-da Az\u0259rbaycan\u0131n milli-m\u0259n\u0259vi d\u0259y\u0259rl\u0259rinin t\u0259bli\u011fi, yaylaq v\u0259 elat m\u0259d\u0259niyy\u0259tinin ya\u015fad\u0131lmas\u0131 v\u0259 beyn\u0259lxalq miqyasda tan\u0131d\u0131lmas\u0131 m\u0259qs\u0259dil\u0259 start g\u00f6t\u00fcr\u0259n II Milli Yaylaq Festival\u0131n\u0131n birinci g\u00fcn\u00fc u\u011furla yekunla\u015f\u0131b.<\/p><\/blockquote>\n<p><a href=\"https:\/\/infonews.az\/?p=23775\"><strong><span style=\"color: #ff0000;\">&#8220;\u0130NFONEWS&#8221;<\/span><\/strong><\/a> -un m\u0259lumat\u0131na g\u00f6r\u0259, II Milli Yaylaq Festival\u0131nda 22 xarici \u00f6lk\u0259d\u0259n 300-\u0259 yax\u0131n qonaq i\u015ftirak edir.<\/p>\n<p>Festival\u0131n qonaqlar\u0131 Xan yayla\u011f\u0131n\u0131n \u0259razisind\u0259 yerl\u0259\u015f\u0259n Yaylaq yurdu etno-q\u0259s\u0259b\u0259sind\u0259 ya\u015fay\u0131\u015f yurdlar\u0131 (ala\u00e7\u0131qlar), C\u0131d\u0131r Meydan\u0131, \u201cYaylaq bazar\u0131\u201d, \u201cS\u0259n\u0259tkarl\u0131q gu\u015f\u0259si\u201d, \u201cD\u0259d\u0259 Qorqud oca\u011f\u0131\u201d, \u201cYaylaq yata\u011f\u0131\u201d, \u201cP\u0259hl\u0259van meydan\u0131\u201d, \u201cA\u015f\u0131q \u018fl\u0259sg\u0259r oca\u011f\u0131\u201d, \u201cYaylaq s\u00fcfr\u0259si\u201d v\u0259 dig\u0259r tematik gu\u015f\u0259l\u0259rl\u0259 tan\u0131\u015f olublar.<\/p>\n<p>Festival\u0131n birinci g\u00fcn\u00fcnd\u0259 t\u0259dbir i\u015ftirak\u00e7\u0131lar\u0131na geni\u015f v\u0259 z\u0259ngin musiqili proqram t\u0259qdim olunub. \u018fsas s\u0259hn\u0259d\u0259 B\u00fclb\u00fcl ad\u0131na 3 sayl\u0131 G\u0259nc\u0259 U\u015faq Musiqi M\u0259kt\u0259binin \u201cG\u0259nc\u0259\u201d vokal triosunun, Kazan tatar r\u0259qs v\u0259 mahn\u0131 qrupunun, h\u0259m\u00e7inin T\u00fcrkiy\u0259, Rusiya, Ukrayna, Qazax\u0131stan, Q\u0131r\u011f\u0131z\u0131stan, Da\u011f\u0131standan olan ifa\u00e7\u0131lar\u0131n v\u0259 r\u0259qs qruplar\u0131n\u0131n \u00e7\u0131x\u0131\u015flar\u0131 i\u015ftirak\u00e7\u0131lar t\u0259r\u0259find\u0259n maraqla qar\u015f\u0131lan\u0131b. Ulduz s\u0259hn\u0259sind\u0259 is\u0259 G\u0259nc\u0259 U\u015faq \u0130nc\u0259s\u0259n\u0259t M\u0259kt\u0259binin \u201cX\u0259ms\u0259\u201d na\u011fara\u00e7\u0131lar ansambl\u0131 \u201cAz\u0259rbaycan ritml\u0259ri\u201d, \u201cMeht\u0259r mar\u015f\u0131\u201d, m\u0259kt\u0259bin \u201cG\u0259nc\u0259 q\u00f6n\u00e7\u0259l\u0259ri\u201d r\u0259qs qrupu \u201cBayram s\u00fcitas\u0131\u201dn\u0131, \u201cAnayurd mar\u015f\u0131\u201d r\u0259qsini, K\u0259lb\u0259c\u0259r rayon A\u015f\u0131q \u015e\u0259m\u015fir ad\u0131na m\u0259d\u0259niyy\u0259t evinin \u201cZurna\u00e7\u0131lar\u201d ansambl\u0131 \u201cC\u0259ngi\u201d, \u201cO\u011fuzu\u201d r\u0259qsl\u0259rini ifa edibl\u0259r. Habel\u0259 Qazax\u0131stan\u0131n orijinal musiqi kollektivl\u0259rind\u0259n olan \u201cTuran\u201d etnoqrafik folklor ansambl\u0131n\u0131n, Xar\u0259zm D\u00f6vl\u0259t Filarmoniyas\u0131 A\u015fula xalq musiqisi qrupunun \u00e7\u0131x\u0131\u015flar\u0131, Xalq artisti \u015eahnaz Ha\u015f\u0131movan\u0131n G\u00f6yg\u00f6l D\u00f6vl\u0259t Mahn\u0131 v\u0259 R\u0259qs Ansambl\u0131n\u0131n m\u00fc\u015fayi\u0259ti il\u0259 \u201cDedim-dedi\u201d, \u201cQaraba\u011f Az\u0259rbaycand\u0131r\u201d mahn\u0131lar\u0131n\u0131 ifa etm\u0259si, el\u0259c\u0259 d\u0259 dig\u0259r r\u0259qs qruplar\u0131n\u0131n v\u0259 solo ifa\u00e7\u0131lar\u0131n konserti festivala x\u00fcsusi r\u0259ng qat\u0131b.<\/p>\n<p>Festivalda i\u015ftirak\u00e7\u0131lar xarici \u00f6lk\u0259l\u0259rd\u0259n d\u0259v\u0259t olunmu\u015f etnik musiqi qruplar\u0131n\u0131n ifalar\u0131, yerli kollektivl\u0259rin \u00e7\u0131x\u0131\u015flar\u0131, a\u015f\u0131q deyi\u015fm\u0259si, milli r\u0259qsl\u0259r, xalq mahn\u0131lar\u0131 il\u0259 yana\u015f\u0131, Az\u0259rbaycanda ya\u015fayan azsayl\u0131 xalqlar\u0131n m\u0259d\u0259niyy\u0259t n\u00fcmun\u0259l\u0259ri, s\u0259hn\u0259cikl\u0259r v\u0259 teatral kompozisiyalar, q\u0259dim xalq oyunlar\u0131, s\u0259n\u0259tkarl\u0131q m\u0259hsullar\u0131, milli geyim n\u00fcmun\u0259l\u0259ri n\u00fcmayi\u015f etdirilir. Qonaqlar\u0131n istirah\u0259tinin yaddaqalan v\u0259 maraql\u0131 olmas\u0131 \u00fc\u00e7\u00fcn gec\u0259 \u0259yl\u0259nc\u0259l\u0259ri v\u0259 oyunlar da t\u0259\u015fkil olunur.<\/p>\n<p>Qeyd ed\u0259k ki, II Milli Yaylaq Festival\u0131 \u201cCavad Xan\u201d Tarix v\u0259 M\u0259d\u0259niyy\u0259t Fondunun v\u0259 \u201cKap.az\u201d \u2013 F\u0259rqli Turizm MMC\u2013nin t\u0259\u015f\u0259bb\u00fcs\u00fc, M\u0259d\u0259niyy\u0259t Nazirliyi, Ki\u00e7ik v\u0259 Orta Biznesin \u0130nki\u015faf\u0131 Agentliyi (KOB\u0130A), G\u0259ncl\u0259r v\u0259 \u0130dman Nazirliyi, K\u0259nd T\u0259s\u0259rr\u00fcfat\u0131 Nazirliyi, D\u00f6vl\u0259t Turizm Agentliyi, D\u00f6vl\u0259t M\u0259\u015f\u011fulluq Agentliyi, G\u0259nc\u0259 \u015e\u0259h\u0259r \u0130cra Hakimiyy\u0259ti, G\u00f6yg\u00f6l Rayon \u0130cra Hakimiyy\u0259ti, T\u00fcrk \u018fm\u0259kda\u015fl\u0131q v\u0259 Koordinasiya Agentliyi (T\u0130KA), D\u00fcnya Etnoidman Konfederasiyas\u0131 v\u0259 dig\u0259r d\u00f6vl\u0259t v\u0259 \u00f6z\u0259l qurumlar\u0131n t\u0259r\u0259fda\u015fl\u0131\u011f\u0131 v\u0259 d\u0259st\u0259yi il\u0259 ke\u00e7irilir.<\/p>\n<p>\u0130yulun 31-d\u0259k davam ed\u0259c\u0259k festivalda 70 mind\u0259n art\u0131q tama\u015fa\u00e7\u0131n\u0131n i\u015ftirak\u0131 n\u0259z\u0259rd\u0259 tutulur.<\/p>\n<p>(AZ\u018fRTAC)<\/p>\n","protected":false},"excerpt":{"rendered":"<p>II Milli Yaylaq Festival\u0131 d\u00fcn\u0259n \u00f6z f\u0259aliyy\u0259tin\u0259 START VERD\u0130 \u0130yulun 29-da Az\u0259rbaycan\u0131n milli-m\u0259n\u0259vi d\u0259y\u0259rl\u0259rinin t\u0259bli\u011fi, yaylaq v\u0259 elat m\u0259d\u0259niyy\u0259tinin ya\u015fad\u0131lmas\u0131 v\u0259 beyn\u0259lxalq miqyasda tan\u0131d\u0131lmas\u0131 m\u0259qs\u0259dil\u0259 start g\u00f6t\u00fcr\u0259n II Milli Yaylaq&hellip; <\/p>\n","protected":false},"author":14,"featured_media":23776,"comment_status":"open","ping_status":"open","sticky":false,"template":"","format":"standard","meta":{"_mi_skip_tracking":false,"_monsterinsights_sitenote_active":false,"_monsterinsights_sitenote_note":"","_monsterinsights_sitenote_category":0,"footnotes":""},"categories":[5373,4,11],"tags":[7684,15],"aioseo_notices":[],"_links":{"self":[{"href":"https:\/\/infonews.az\/index.php?rest_route=\/wp\/v2\/posts\/23775"}],"collection":[{"href":"https:\/\/infonews.az\/index.php?rest_route=\/wp\/v2\/posts"}],"about":[{"href":"https:\/\/infonews.az\/index.php?rest_route=\/wp\/v2\/types\/post"}],"author":[{"embeddable":true,"href":"https:\/\/infonews.az\/index.php?rest_route=\/wp\/v2\/users\/14"}],"replies":[{"embeddable":true,"href":"https:\/\/infonews.az\/index.php?rest_route=%2Fwp%2Fv2%2Fcomments&post=23775"}],"version-history":[{"count":1,"href":"https:\/\/infonews.az\/index.php?rest_route=\/wp\/v2\/posts\/23775\/revisions"}],"predecessor-version":[{"id":23778,"href":"https:\/\/infonews.az\/index.php?rest_route=\/wp\/v2\/posts\/23775\/revisions\/23778"}],"wp:featuredmedia":[{"embeddable":true,"href":"https:\/\/infonews.az\/index.php?rest_route=\/wp\/v2\/media\/23776"}],"wp:attachment":[{"href":"https:\/\/infonews.az\/index.php?rest_route=%2Fwp%2Fv2%2Fmedia&parent=23775"}],"wp:term":[{"taxonomy":"category","embeddable":true,"href":"https:\/\/infonews.az\/index.php?rest_route=%2Fwp%2Fv2%2Fcategories&post=23775"},{"taxonomy":"post_tag","embeddable":true,"href":"https:\/\/infonews.az\/index.php?rest_route=%2Fwp%2Fv2%2Ftags&post=23775"}],"curies":[{"name":"wp","href":"https:\/\/api.w.org\/{rel}","templated":true}]}}