{"id":23779,"date":"2022-07-30T11:02:04","date_gmt":"2022-07-30T07:02:04","guid":{"rendered":"https:\/\/infonews.az\/?p=23779"},"modified":"2022-07-30T11:16:29","modified_gmt":"2022-07-30T07:16:29","slug":"az%c9%99riqazin-bas-direktoru-g%c9%99d%c9%99b%c9%99y-sakinl%c9%99ri-il%c9%99-gorus%c9%99c%c9%99k","status":"publish","type":"post","link":"https:\/\/infonews.az\/?p=23779","title":{"rendered":"\u201cAz\u0259riqaz\u201d\u0131n ba\u015f direktoru G\u0259d\u0259b\u0259y sakinl\u0259ri il\u0259 g\u00f6r\u00fc\u015f\u0259c\u0259k"},"content":{"rendered":"<p class=\"content-title\"><span style=\"color: #ffffff;\">\u201cAz\u0259riqaz\u201d\u0131n ba\u015f direktoru G\u0259d\u0259b\u0259y sakinl\u0259ri il\u0259 g\u00f6r\u00fc\u015f\u0259c\u0259k<\/span><\/p>\n<blockquote><p><strong>\u201cAz\u0259riqaz\u201d \u0130B-nin ba\u015f direktoru Ruslan \u018fliyev G\u0259d\u0259b\u0259y rayonunda v\u0259t\u0259nda\u015flar\u0131 q\u0259bul ed\u0259c\u0259k.<\/strong><\/p><\/blockquote>\n<p><a href=\"https:\/\/infonews.az\/?p=23779\"><strong><span style=\"color: #ff0000;\">&#8220;\u0130NFONEWS&#8221;<\/span><\/strong><\/a> -un \u0130B-d\u0259n \u0259ld\u0259 etdiyi m\u0259lumat\u0131na g\u00f6r\u0259, avqustun 1-i saat 11:00-da G\u0259d\u0259b\u0259y \u015f\u0259h\u0259ri Heyd\u0259r \u018fliyev M\u0259rk\u0259zind\u0259 ba\u015f tutacaq g\u00f6r\u00fc\u015f zaman\u0131 G\u0259d\u0259b\u0259y v\u0259 \u015e\u0259mkir sakinl\u0259rinin m\u00fcraci\u0259tl\u0259ri dinl\u0259nil\u0259c\u0259k.<\/p>\n<p>Q\u0259bula dair \u0259lav\u0259 m\u0259lumat almaq ist\u0259y\u0259nl\u0259r Birliyin \u015e\u0259mkir Regional qaz istismar\u0131 \u0130dar\u0259sin\u0259 (tel: 022 326-00-88) m\u00fcraci\u0259t ed\u0259 bil\u0259rl\u0259r.<\/p>\n","protected":false},"excerpt":{"rendered":"<p>\u201cAz\u0259riqaz\u201d\u0131n ba\u015f direktoru G\u0259d\u0259b\u0259y sakinl\u0259ri il\u0259 g\u00f6r\u00fc\u015f\u0259c\u0259k \u201cAz\u0259riqaz\u201d \u0130B-nin ba\u015f direktoru Ruslan \u018fliyev G\u0259d\u0259b\u0259y rayonunda v\u0259t\u0259nda\u015flar\u0131 q\u0259bul ed\u0259c\u0259k. &#8220;\u0130NFONEWS&#8221; -un \u0130B-d\u0259n \u0259ld\u0259 etdiyi m\u0259lumat\u0131na g\u00f6r\u0259, avqustun 1-i saat 11:00-da G\u0259d\u0259b\u0259y&hellip; <\/p>\n","protected":false},"author":14,"featured_media":23780,"comment_status":"open","ping_status":"open","sticky":false,"template":"","format":"standard","meta":{"_mi_skip_tracking":false,"_monsterinsights_sitenote_active":false,"_monsterinsights_sitenote_note":"","_monsterinsights_sitenote_category":0,"footnotes":""},"categories":[4,11,4437],"tags":[],"aioseo_notices":[],"_links":{"self":[{"href":"https:\/\/infonews.az\/index.php?rest_route=\/wp\/v2\/posts\/23779"}],"collection":[{"href":"https:\/\/infonews.az\/index.php?rest_route=\/wp\/v2\/posts"}],"about":[{"href":"https:\/\/infonews.az\/index.php?rest_route=\/wp\/v2\/types\/post"}],"author":[{"embeddable":true,"href":"https:\/\/infonews.az\/index.php?rest_route=\/wp\/v2\/users\/14"}],"replies":[{"embeddable":true,"href":"https:\/\/infonews.az\/index.php?rest_route=%2Fwp%2Fv2%2Fcomments&post=23779"}],"version-history":[{"count":1,"href":"https:\/\/infonews.az\/index.php?rest_route=\/wp\/v2\/posts\/23779\/revisions"}],"predecessor-version":[{"id":23781,"href":"https:\/\/infonews.az\/index.php?rest_route=\/wp\/v2\/posts\/23779\/revisions\/23781"}],"wp:featuredmedia":[{"embeddable":true,"href":"https:\/\/infonews.az\/index.php?rest_route=\/wp\/v2\/media\/23780"}],"wp:attachment":[{"href":"https:\/\/infonews.az\/index.php?rest_route=%2Fwp%2Fv2%2Fmedia&parent=23779"}],"wp:term":[{"taxonomy":"category","embeddable":true,"href":"https:\/\/infonews.az\/index.php?rest_route=%2Fwp%2Fv2%2Fcategories&post=23779"},{"taxonomy":"post_tag","embeddable":true,"href":"https:\/\/infonews.az\/index.php?rest_route=%2Fwp%2Fv2%2Ftags&post=23779"}],"curies":[{"name":"wp","href":"https:\/\/api.w.org\/{rel}","templated":true}]}}