{"id":23806,"date":"2022-07-30T18:55:54","date_gmt":"2022-07-30T14:55:54","guid":{"rendered":"https:\/\/infonews.az\/?p=23806"},"modified":"2022-07-30T18:55:54","modified_gmt":"2022-07-30T14:55:54","slug":"qarabag-klubu-azarkesl%c9%99r%c9%99-muraci%c9%99t-edib","status":"publish","type":"post","link":"https:\/\/infonews.az\/?p=23806","title":{"rendered":"\u201cQaraba\u011f\u201d klubu azarke\u015fl\u0259r\u0259 m\u00fcraci\u0259t edib"},"content":{"rendered":"<p class=\"content-title\"><span style=\"color: #ffffff;\">\u201cQaraba\u011f\u201d klubu azarke\u015fl\u0259r\u0259 m\u00fcraci\u0259t edib<\/span><\/p>\n<blockquote><p>A\u011fdam\u0131n \u201cQaraba\u011f\u201d klubu Macar\u0131stan\u0131n \u201cFerenstvaro\u015f\u201d komandas\u0131na qar\u015f\u0131 ke\u00e7ir\u0259c\u0259yi UEFA \u00c7empionlar Liqas\u0131n\u0131n 3-c\u00fc t\u0259snifat m\u0259rh\u0259l\u0259sinin ilk oyunundan \u0259vv\u0259l azarke\u015fl\u0259r\u0259 m\u00fcraci\u0259t edib.<\/p><\/blockquote>\n<p><a href=\"https:\/\/infonews.az\/?p=23806\"><span style=\"color: #ff0000;\"><strong>&#8220;\u0130NFONEWS&#8221;<\/strong> <\/span><\/a>klubun m\u0259tbuat xidm\u0259tin\u0259 istinad\u0259n x\u0259b\u0259r verir ki, A\u011fdam t\u0259msil\u00e7isi ev oyunlar\u0131nda biletl\u0259rl\u0259 ba\u011fl\u0131 b\u00fct\u00fcn s\u0259lahiyy\u0259tl\u0259r bundan sonra \u201ciTicket\u201d \u015firk\u0259tin\u0259 h\u0259val\u0259 edilib.<\/p>\n<p>Bildirilib ki, biletl\u0259rl\u0259 ba\u011fl\u0131 h\u0259r hans\u0131 ist\u0259k v\u0259 suallar yaranaca\u011f\u0131 t\u0259qdird\u0259 \u201ciTicket\u201d \u015firk\u0259tin\u0259 m\u00fcraci\u0259t etm\u0259k laz\u0131md\u0131r.<\/p>\n<p>\u201cQaraba\u011f\u201d klubu \u201cFerenstvaro\u015f\u201da qar\u015f\u0131 ilk mat\u00e7\u0131n\u0131 avqustun 3-d\u0259 Bak\u0131da, cavab qar\u015f\u0131la\u015fmas\u0131n\u0131 is\u0259 avqustun 9-da Budape\u015ftd\u0259 ke\u00e7ir\u0259c\u0259k.<\/p>\n","protected":false},"excerpt":{"rendered":"<p>\u201cQaraba\u011f\u201d klubu azarke\u015fl\u0259r\u0259 m\u00fcraci\u0259t edib A\u011fdam\u0131n \u201cQaraba\u011f\u201d klubu Macar\u0131stan\u0131n \u201cFerenstvaro\u015f\u201d komandas\u0131na qar\u015f\u0131 ke\u00e7ir\u0259c\u0259yi UEFA \u00c7empionlar Liqas\u0131n\u0131n 3-c\u00fc t\u0259snifat m\u0259rh\u0259l\u0259sinin ilk oyunundan \u0259vv\u0259l azarke\u015fl\u0259r\u0259 m\u00fcraci\u0259t edib. &#8220;\u0130NFONEWS&#8221; klubun m\u0259tbuat xidm\u0259tin\u0259 istinad\u0259n&hellip; <\/p>\n","protected":false},"author":14,"featured_media":23807,"comment_status":"open","ping_status":"open","sticky":false,"template":"","format":"standard","meta":{"_mi_skip_tracking":false,"_monsterinsights_sitenote_active":false,"_monsterinsights_sitenote_note":"","_monsterinsights_sitenote_category":0,"footnotes":""},"categories":[58,11],"tags":[5127,7689,15],"aioseo_notices":[],"_links":{"self":[{"href":"https:\/\/infonews.az\/index.php?rest_route=\/wp\/v2\/posts\/23806"}],"collection":[{"href":"https:\/\/infonews.az\/index.php?rest_route=\/wp\/v2\/posts"}],"about":[{"href":"https:\/\/infonews.az\/index.php?rest_route=\/wp\/v2\/types\/post"}],"author":[{"embeddable":true,"href":"https:\/\/infonews.az\/index.php?rest_route=\/wp\/v2\/users\/14"}],"replies":[{"embeddable":true,"href":"https:\/\/infonews.az\/index.php?rest_route=%2Fwp%2Fv2%2Fcomments&post=23806"}],"version-history":[{"count":1,"href":"https:\/\/infonews.az\/index.php?rest_route=\/wp\/v2\/posts\/23806\/revisions"}],"predecessor-version":[{"id":23808,"href":"https:\/\/infonews.az\/index.php?rest_route=\/wp\/v2\/posts\/23806\/revisions\/23808"}],"wp:featuredmedia":[{"embeddable":true,"href":"https:\/\/infonews.az\/index.php?rest_route=\/wp\/v2\/media\/23807"}],"wp:attachment":[{"href":"https:\/\/infonews.az\/index.php?rest_route=%2Fwp%2Fv2%2Fmedia&parent=23806"}],"wp:term":[{"taxonomy":"category","embeddable":true,"href":"https:\/\/infonews.az\/index.php?rest_route=%2Fwp%2Fv2%2Fcategories&post=23806"},{"taxonomy":"post_tag","embeddable":true,"href":"https:\/\/infonews.az\/index.php?rest_route=%2Fwp%2Fv2%2Ftags&post=23806"}],"curies":[{"name":"wp","href":"https:\/\/api.w.org\/{rel}","templated":true}]}}