{"id":23837,"date":"2022-08-01T00:35:17","date_gmt":"2022-07-31T20:35:17","guid":{"rendered":"https:\/\/infonews.az\/?p=23837"},"modified":"2022-08-01T00:39:13","modified_gmt":"2022-07-31T20:39:13","slug":"%c9%99d%c9%99biyyatdan-nam%c9%99l%c9%99r-azad-dilli-az%c9%99rbaycanam-nam%c9%99-11","status":"publish","type":"post","link":"https:\/\/infonews.az\/?p=23837","title":{"rendered":"\u018fd\u0259biyyatdan nam\u0259l\u0259r: Azad dilli Az\u0259rbaycanam! \u2013 Nam\u0259 11"},"content":{"rendered":"<p>\u018fd\u0259biyyatdan nam\u0259l\u0259r: Azad dilli Az\u0259rbaycanam! \u2013 Nam\u0259 11<\/p>\n<p><span style=\"color: #ff0000;\"><strong>&#8220;\u0130NFONEWS&#8221;<\/strong><\/span> -un <strong>\u201c<\/strong><strong>\u018fd\u0259biyyatdan nam\u0259l\u0259r<\/strong><strong>\u201d\u00a0<\/strong>layih\u0259si davam edir.<\/p>\n<blockquote><p><strong>Az\u0259rbaycan D\u00f6vl\u0259t \u0130qtisad Universitetinin (UNEC) \u201cAz\u0259rbaycan dili\u201d kafedras\u0131n\u0131n dosenti, filologiya<\/strong><strong>\u00a0\u00fczr\u0259 f\u0259ls\u0259f\u0259 doktoru,<\/strong><strong>\u00a0\u201cAz\u0259rbaycan Respublikas\u0131n\u0131n qabaqc\u0131l t\u0259hsil i\u015f\u00e7isi\u201d, \u201cHeyd\u0259r zirv\u0259si\u201d medal\u0131 v\u0259 \u201cXar\u0131b\u00fclb\u00fcl\u201d m\u00fckafatlar\u0131 laureat\u0131,\u00a0<\/strong><strong>beyn\u0259lxalq\u00a0<\/strong><strong>dil<\/strong><strong>\u00e7i-<\/strong><strong>turkoloq\u00a0<\/strong><strong>ekspert\u00a0<\/strong><strong>Aynur Familq\u0131z\u0131<\/strong><strong>\u00a0t\u0259qdim edir<\/strong><strong>:<\/strong><\/p><\/blockquote>\n<p><strong>On birinci nam\u0259:<\/strong><\/p>\n<p style=\"text-align: center;\"><strong> Azad dilli AZ\u018fRBAYCANAM!<\/strong><\/p>\n<p><strong>\u201cMill\u0259tin milliliyini saxlayan onun dilidir. Dil \u0259d\u0259biyyatla, m\u0259d\u0259niyy\u0259tl\u0259, m\u0259n\u0259viyyatla ba\u011fl\u0131d\u0131r, bunlars\u0131z is\u0259 v\u0259t\u0259np\u0259rv\u0259rlik formulu yoxdur. Bizim z\u0259ngin, b\u00f6y\u00fck s\u00f6z ehtiyat\u0131na malik olan Az\u0259rbaycan dilimiz var<\/strong>\u201d \u2013 dey\u0259n ulu \u00f6nd\u0259r Heyd\u0259r \u018fliyevin 2001-ci il avqustun 9-da imzalad\u0131\u011f\u0131 F\u0259rmana \u0259sas\u0259n, h\u0259r il avqustun 1-i Az\u0259rbaycan \u018flifbas\u0131 v\u0259 Az\u0259rbaycan Dili G\u00fcn\u00fc kimi r\u0259smi qeyd olunur.<\/p>\n<p>Az\u0259rbaycan dili \u2013 Ana dilimiz bizim milli-m\u0259n\u0259vi s\u0259rv\u0259timiz, milli kimliyimizdir. Dilimiz ke\u00e7mi\u015fimiz, bu g\u00fcn\u00fcm\u00fcz, g\u0259l\u0259c\u0259yimizdir&#8230; G\u00f6rk\u0259mli Az\u0259rbaycan alimi Firudin b\u0259y K\u00f6\u00e7\u0259rlinin t\u0259birinc\u0259 des\u0259k, \u201c<em>Ana dili mill\u0259tin m\u0259n\u0259vi dirliyidir, h\u0259yat\u0131n\u0131n may\u0259si m\u0259nzil\u0259sind\u0259dir. Anan\u0131n s\u00fcd\u00fc b\u0259d\u0259nin may\u0259si oldu\u011fu kimi, anan\u0131n dili d\u0259 ruhun qidas\u0131d\u0131r. H\u0259r k\u0259s \u00f6z anas\u0131n\u0131 v\u0259 v\u0259t\u0259nini sevdiyi kimi, ana dilini d\u0259 sevir<\/em>\u201d. Tarixin a\u011f\u0131r s\u0131naqlar\u0131ndan \u00e7\u0131xaraq, \u00f6z z\u0259nginliyini, \u015firinliyini, varl\u0131\u011f\u0131n\u0131 itirm\u0259d\u0259n bu g\u00fcn\u00fcm\u00fcz\u0259 yeti\u015f\u0259n dilimiz milli d\u00f6vl\u0259t\u00e7iliyimizin \u0259sas g\u00f6st\u0259ricil\u0259rind\u0259n biri kimi layiq oldu\u011fu ali m\u0259qamda b\u00fct\u00fcn d\u00fcnyaya Az\u0259rbaycan Respublikas\u0131n\u0131n r\u0259smi d\u00f6vl\u0259t dili olaraq xalq\u0131m\u0131z\u0131n milli kimliyini b\u0259yan edir. Bu, milli birliyimizin t\u0259sdiqinin, milli-m\u0259n\u0259vi d\u0259y\u0259rl\u0259rimiz\u0259 sahib olman\u0131n sabitliyinin, x\u00fcsus\u0259n, d\u00f6vl\u0259t\u00e7ilik \u0259n\u0259n\u0259sinin q\u00fcdr\u0259tinin parlaq ifad\u0259sidir.<\/p>\n<p>Dil, xalq v\u0259 d\u00f6vl\u0259t&#8230; Bu anlay\u0131\u015flar \u00e7oxminillik b\u0259\u015f\u0259r tarixinin gedi\u015fat\u0131nda apar\u0131c\u0131 yer tutdu\u011fu kimi, m\u00fcasir qloballa\u015fma d\u00f6vr\u00fcnd\u0259 d\u0259 aktuall\u0131\u011f\u0131n\u0131 daim qoruyub saxlay\u0131r. Bildiyimiz kimi, m\u00fcasir d\u00fcnyan\u0131n siyasi m\u0259nz\u0259r\u0259sini \u0259ks etdir\u0259n, d\u00fcnya birlikl\u0259rin\u0259 \u00f6z suverenlikl\u0259ri il\u0259, etnokultural d\u0259y\u0259rl\u0259ri, ya\u015fad\u0131qlar\u0131 co\u011frafiyalar\u0131 il\u0259 v\u0259 dig\u0259r m\u0259s\u0259l\u0259rl\u0259 r\u0259ngar\u0259nglik qatan d\u00f6vl\u0259tl\u0259rin \u0259sas\u0131nda xalqlar dayan\u0131r. H\u0259r bir xalq\u0131n da ba\u015fl\u0131ca \u00f6z\u00fcn\u0259m\u0259xsuslu\u011fu onun ana dilidir. Dem\u0259li, dil olmasa xalq, xalq olmasa d\u00f6vl\u0259t olmaz. Bel\u0259 bir yana\u015fma var ki, \u201cxalq\u0131 ya\u015fadan onun dili, d\u00f6vl\u0259ti is\u0259 ya\u015fadan onun xalq\u0131d\u0131r\u201d. Bu bax\u0131mdan d\u00f6vl\u0259tin dil siyas\u0259ti prioritet m\u0259s\u0259l\u0259l\u0259rd\u0259n biri kimi d\u00f6vl\u0259t dilinin safl\u0131\u011f\u0131n\u0131n qorunmas\u0131, z\u0259nginl\u0259\u015fdirilm\u0259si m\u0259s\u0259l\u0259si daim diqq\u0259t m\u0259rk\u0259zind\u0259dir.<\/p>\n<p>D\u00f6vl\u0259timizin u\u011furlu dil siyas\u0259ti ulu \u00f6nd\u0259rimizin vaxtil\u0259 s\u00f6yl\u0259diyi dahiyan\u0259 m\u00fclahiz\u0259l\u0259rd\u0259n qaynaqlan\u0131r: \u201c<em>H\u0259r bir insan \u00fc\u00e7\u00fcn milli m\u0259nsubiyy\u0259t onun q\u00fcrur m\u0259nb\u0259yidir. H\u0259mi\u015f\u0259 f\u0259xr etmi\u015f\u0259m, bu g\u00fcn d\u0259 f\u0259xr edir\u0259m ki, m\u0259n az\u0259rbaycanl\u0131yam. M\u00fcst\u0259qil Az\u0259rbaycan\u0131n \u0259sas ideyas\u0131 az\u0259rbaycan\u00e7\u0131l\u0131qd\u0131r. H\u0259r bir az\u0259rbaycanl\u0131 \u00f6z milli m\u0259nsubiyy\u0259tin\u0259 g\u00f6r\u0259 q\u00fcrur hissi ke\u00e7irm\u0259lidir v\u0259 biz az\u0259rbaycan\u00e7\u0131l\u0131\u011f\u0131 \u2013 Az\u0259rbaycan dilini, m\u0259d\u0259niyy\u0259tini, milli-m\u0259n\u0259vi d\u0259y\u0259rl\u0259rini, ad\u0259t-\u0259n\u0259l\u0259rini ya\u015fatmal\u0131y\u0131q<\/em>\u201d. \u00dcmummilli lider Heyd\u0259r \u018fliyev az\u0259rbaycan\u00e7\u0131l\u0131q idelogiyas\u0131n\u0131 milli ideologiyaya \u00e7evirm\u0259kl\u0259 d\u00fcnyaya s\u0259p\u0259l\u0259nmi\u015f 50 milyondan art\u0131q soyda\u015flar\u0131m\u0131z\u0131n h\u0259mr\u0259yliyin\u0259, birliyin\u0259, s\u0259f\u0259rb\u0259rliyin\u0259 nail olmu\u015fdur. Xarici \u00f6lk\u0259l\u0259r\u0259 s\u0259f\u0259rl\u0259ri zaman\u0131 az\u0259rbaycanl\u0131lara \u00e7ox sayl\u0131 s\u0259mimi g\u00f6r\u00fc\u015fl\u0259r ke\u00e7irmi\u015f, onlar\u0131 milli ideya \u0259traf\u0131nda birl\u0259\u015fm\u0259y\u0259 s\u0259sl\u0259mi\u015fdir: \u201c<em>Siz d\u00fc\u015f\u00fcnm\u0259yin ki, Az\u0259rbaycan bizim \u00fc\u00e7\u00fcn n\u0259 edib? D\u00fc\u015f\u00fcn\u00fcn ki, biz Az\u0259rbaycan \u00fc\u00e7\u00fcn n\u0259 etmi\u015fik? Onda Az\u0259rbaycan ir\u0259li ged\u0259r&#8230; Harda do\u011fulma\u011f\u0131n\u0131n f\u0259rqi yoxdur, \u0259sas odur ki, s\u0259n az\u0259rbaycanl\u0131san, Az\u0259rbaycan dilinin, m\u0259d\u0259niyy\u0259tinin da\u015f\u0131y\u0131c\u0131s\u0131san<\/em>\u201d.<\/p>\n<p>\u00c7a\u011fda\u015f d\u00fcnyam\u0131zda Az\u0259rbaycan dilinin h\u0259rt\u0259r\u0259fli inki\u015faf\u0131, \u0259n m\u00f6t\u0259b\u0259r beyn\u0259lxalq k\u00fcrs\u00fcl\u0259rd\u0259n e\u015fidilm\u0259si \u00fcmummilli lider Heyd\u0259r \u018fliyevin formala\u015fd\u0131rd\u0131\u011f\u0131 dil siyas\u0259ti il\u0259 ba\u011fl\u0131d\u0131r. B\u00fct\u00fcn sah\u0259l\u0259rd\u0259 oldu\u011fu kimi bu siyas\u0259ti u\u011furla davam etdir\u0259n Az\u0259rbaycan Respublikas\u0131n\u0131n Prezidenti c\u0259nab \u0130lham \u00a0\u018fliyev d\u00f6vl\u0259t quruculu\u011fu siyas\u0259tind\u0259 ana dilinin qorunmas\u0131 v\u0259 z\u0259nginl\u0259\u015fdirilm\u0259si m\u0259s\u0259l\u0259l\u0259rin\u0259 x\u00fcsusi diqq\u0259t ay\u0131rm\u0131\u015f, Az\u0259rbaycan dili il\u0259 ba\u011fl\u0131 silsil\u0259 s\u0259r\u0259ncam v\u0259 f\u0259rmanlar imzalam\u0131\u015fd\u0131r. \u201c<em>\u018fsrl\u0259r boyu bizi xalq kimi, mill\u0259t kimi qoruyub saxlayan bizim ana dilimizdir, Az\u0259rbaycan dilidir. Az\u0259rbaycan dilinin qorunmas\u0131 ham\u0131m\u0131z\u0131n v\u0259zif\u0259sidir<\/em>\u201d \u2013 dey\u0259n \u00f6lk\u0259 ba\u015f\u00e7\u0131s\u0131n\u0131n m\u00fcxt\u0259lif t\u0259dbirl\u0259rd\u0259 \u00e7\u0131x\u0131\u015flar\u0131 zaman\u0131 s\u0259sl\u0259ndirdiyi fikirl\u0259r i\u00e7\u0259risind\u0259 ana dilin\u0259 sevgisi il\u0259 yana\u015f\u0131, narahatl\u0131\u011f\u0131n\u0131 da ifad\u0259 ed\u0259r\u0259k vur\u011fulay\u0131r: \u201c<em>Son vaxtlar Az\u0259rbaycan dilin\u0259 daxil edil\u0259n b\u0259zi k\u0259lm\u0259l\u0259r dilimizin safl\u0131\u011f\u0131n\u0131 pozur<\/em>\u201d. Bildiyimiz kimi, bu m\u0259s\u0259l\u0259 il\u0259 ba\u011fl\u0131 ciddi add\u0131mlar at\u0131lm\u0131\u015f, m\u00fcvafiq qrumlara g\u00f6st\u0259ri\u015fl\u0259r verilmi\u015fdir. Az\u0259rbaycan dilin\u0259 bel\u0259 h\u0259ssas yana\u015fma, t\u0259bii ki, ulu k\u00f6kd\u0259n, \u0259n\u0259n\u0259y\u0259 sadiqlikd\u0259n ir\u0259li g\u0259lirdi&#8230; 44 g\u00fcnl\u00fck m\u00fcharib\u0259 d\u00f6vr\u00fcnd\u0259 \u00f6lk\u0259 Prezidentinin \u00e7\u0131x\u0131\u015flar\u0131n\u0131 izl\u0259y\u0259rk\u0259n, biz ana dilimiz\u0259 sevginin, d\u0259rind\u0259n b\u0259l\u0259d olman\u0131n, h\u0259tta, canl\u0131 xalq dilind\u0259n g\u0259tiril\u0259n ifad\u0259l\u0259rin s\u0259sl\u0259ndirilm\u0259sinin \u015fahidi olduq.<\/p>\n<p>Bu g\u00fcn Az\u0259rbaycan dili, s\u00f6z\u00fcn h\u0259qiqi m\u0259nas\u0131nda, m\u00fcst\u0259qil v\u0259 z\u0259f\u0259r meydan\u0131nda qalib bir d\u00f6vl\u0259tin dilidir. H\u0259r bir v\u0259t\u0259nda\u015f\u0131n milli d\u0259y\u0259ri \u00f6z do\u011fma xalq\u0131na olan m\u0259h\u0259bb\u0259ti, dilin\u0259, dinin\u0259, tarixin\u0259, m\u0259d\u0259niyy\u0259tin\u0259 m\u00fcnasib\u0259ti il\u0259 \u00f6l\u00e7\u00fcl\u00fcr. B\u00f6y\u00fck sevgi il\u0259 qeyd etdiyimiz Az\u0259rbaycan Dili v\u0259 \u018flifbas\u0131 G\u00fcn\u00fc da\u015f\u0131d\u0131\u011f\u0131 sosial-siyasi, m\u0259n\u0259vi d\u0259y\u0259ri il\u0259 h\u0259r birimizi dilimizin ke\u015fiyind\u0259 bir m\u00fcs\u0259ll\u0259h \u0259sg\u0259r kimi dayanma\u011fa, milli varl\u0131\u011f\u0131m\u0131z\u0131n g\u00fczg\u00fcs\u00fc olan ana dilimizin safl\u0131\u011f\u0131n\u0131 qoruma\u011fa, onu z\u0259nginl\u0259\u015fdirm\u0259y\u0259, g\u0259l\u0259c\u0259k n\u0259sill\u0259r\u0259 \u00f6t\u00fcrm\u0259y\u0259 s\u0259sl\u0259yir. Unutmayaq ki, Ana, V\u0259t\u0259n v\u0259 Dil m\u0259fhumlar\u0131n\u0131n qovu\u015fmas\u0131 n\u0259tic\u0259sind\u0259 m\u00fcqq\u0259d\u0259s <strong><em>Ana V\u0259t\u0259n, Ana Dili<\/em><\/strong> ifad\u0259l\u0259ri yaran\u0131r. \u201c<em>V\u0259t\u0259n &#8211; \u0259cdad\u0131m\u0131z\u0131n m\u0259df\u0259nidir, V\u0259t\u0259n \u2013 \u00f6vlad\u0131m\u0131z\u0131n m\u0259sk\u0259nidir<\/em>\u201d, &#8211;\u00a0 deyildiyi kimi, Ana dilimiz d\u0259 m\u0259n\u0259vi d\u00fcnyam\u0131z\u0131n ba\u015flan\u011f\u0131c\u0131, be\u015fiyidir!<\/p>\n","protected":false},"excerpt":{"rendered":"<p>\u018fd\u0259biyyatdan nam\u0259l\u0259r: Azad dilli Az\u0259rbaycanam! \u2013 Nam\u0259 11 &#8220;\u0130NFONEWS&#8221; -un \u201c\u018fd\u0259biyyatdan nam\u0259l\u0259r\u201d\u00a0layih\u0259si davam edir. Az\u0259rbaycan D\u00f6vl\u0259t \u0130qtisad Universitetinin (UNEC) \u201cAz\u0259rbaycan dili\u201d kafedras\u0131n\u0131n dosenti, filologiya\u00a0\u00fczr\u0259 f\u0259ls\u0259f\u0259 doktoru,\u00a0\u201cAz\u0259rbaycan Respublikas\u0131n\u0131n qabaqc\u0131l t\u0259hsil i\u015f\u00e7isi\u201d,&hellip; <\/p>\n","protected":false},"author":14,"featured_media":23841,"comment_status":"open","ping_status":"open","sticky":false,"template":"","format":"standard","meta":{"_mi_skip_tracking":false,"_monsterinsights_sitenote_active":false,"_monsterinsights_sitenote_note":"","_monsterinsights_sitenote_category":0,"footnotes":""},"categories":[4,4263,10,11],"tags":[4877,7696,7691,15],"aioseo_notices":[],"_links":{"self":[{"href":"https:\/\/infonews.az\/index.php?rest_route=\/wp\/v2\/posts\/23837"}],"collection":[{"href":"https:\/\/infonews.az\/index.php?rest_route=\/wp\/v2\/posts"}],"about":[{"href":"https:\/\/infonews.az\/index.php?rest_route=\/wp\/v2\/types\/post"}],"author":[{"embeddable":true,"href":"https:\/\/infonews.az\/index.php?rest_route=\/wp\/v2\/users\/14"}],"replies":[{"embeddable":true,"href":"https:\/\/infonews.az\/index.php?rest_route=%2Fwp%2Fv2%2Fcomments&post=23837"}],"version-history":[{"count":2,"href":"https:\/\/infonews.az\/index.php?rest_route=\/wp\/v2\/posts\/23837\/revisions"}],"predecessor-version":[{"id":23842,"href":"https:\/\/infonews.az\/index.php?rest_route=\/wp\/v2\/posts\/23837\/revisions\/23842"}],"wp:featuredmedia":[{"embeddable":true,"href":"https:\/\/infonews.az\/index.php?rest_route=\/wp\/v2\/media\/23841"}],"wp:attachment":[{"href":"https:\/\/infonews.az\/index.php?rest_route=%2Fwp%2Fv2%2Fmedia&parent=23837"}],"wp:term":[{"taxonomy":"category","embeddable":true,"href":"https:\/\/infonews.az\/index.php?rest_route=%2Fwp%2Fv2%2Fcategories&post=23837"},{"taxonomy":"post_tag","embeddable":true,"href":"https:\/\/infonews.az\/index.php?rest_route=%2Fwp%2Fv2%2Ftags&post=23837"}],"curies":[{"name":"wp","href":"https:\/\/api.w.org\/{rel}","templated":true}]}}