{"id":23989,"date":"2022-08-03T20:05:22","date_gmt":"2022-08-03T16:05:22","guid":{"rendered":"https:\/\/infonews.az\/?p=23989"},"modified":"2022-08-03T20:55:48","modified_gmt":"2022-08-03T16:55:48","slug":"mn-erm%c9%99nil%c9%99rd%c9%99n-azad-olunan-yuks%c9%99klikl%c9%99rin-adini-aciqladi","status":"publish","type":"post","link":"https:\/\/infonews.az\/?p=23989","title":{"rendered":"MN erm\u0259nil\u0259rd\u0259n azad olunan y\u00fcks\u0259klikl\u0259rin ad\u0131n\u0131 A\u00c7IQLADI"},"content":{"rendered":"<p><span style=\"color: #ffffff;\">MN erm\u0259nil\u0259rd\u0259n azad olunan y\u00fcks\u0259klikl\u0259rin ad\u0131n\u0131 A\u00c7IQLADI<\/span><\/p>\n<blockquote><p>&#8220;Az\u0259rbaycan Ordusu b\u00f6lm\u0259l\u0259rinin ke\u00e7irdiyi \u201cQisas\u201d cavab \u0259m\u0259liyyat\u0131 n\u0259tic\u0259sind\u0259 Q\u0131rxq\u0131z y\u00fcks\u0259kliyi, h\u0259m\u00e7inin Ki\u00e7ik Qafqaz da\u011f silsil\u0259sinin Qaraba\u011f silsil\u0259si boyu Sar\u0131baba v\u0259 bir s\u0131ra dig\u0259r \u0259h\u0259miyy\u0259tli hakim y\u00fcks\u0259klikl\u0259r n\u0259zar\u0259t\u0259 g\u00f6t\u00fcr\u00fcb&#8221;<\/p><\/blockquote>\n<p><a href=\"https:\/\/infonews.az\/?p=23989\"><span style=\"color: #ff0000;\"><strong>&#8220;\u0130NFONEWS&#8221;<\/strong><\/span><\/a> &#8211; un m\u0259lumat\u0131na g\u00f6r\u0259, bu a\u00e7\u0131qlama Az\u0259rbaycan Respublikas\u0131n\u0131n M\u00fcdafi\u0259 Nazirliyind\u0259n verilib.<\/p>\n<p><strong>&#8220;Haz\u0131rda b\u00f6lm\u0259l\u0259rimiz t\u0259r\u0259find\u0259n \u0259lveri\u015fli h\u0259dl\u0259rd\u0259 yeni m\u00f6vqel\u0259rin qurulmas\u0131 v\u0259 t\u0259minat yollar\u0131n\u0131n \u00e7\u0259kilm\u0259si \u00fczr\u0259 m\u00fch\u0259ndis i\u015fl\u0259ri g\u00f6r\u00fcl\u00fcr&#8221;<\/strong>, &#8211; nazirlik vur\u011fulay\u0131b.<\/p>\n","protected":false},"excerpt":{"rendered":"<p>MN erm\u0259nil\u0259rd\u0259n azad olunan y\u00fcks\u0259klikl\u0259rin ad\u0131n\u0131 A\u00c7IQLADI &#8220;Az\u0259rbaycan Ordusu b\u00f6lm\u0259l\u0259rinin ke\u00e7irdiyi \u201cQisas\u201d cavab \u0259m\u0259liyyat\u0131 n\u0259tic\u0259sind\u0259 Q\u0131rxq\u0131z y\u00fcks\u0259kliyi, h\u0259m\u00e7inin Ki\u00e7ik Qafqaz da\u011f silsil\u0259sinin Qaraba\u011f silsil\u0259si boyu Sar\u0131baba v\u0259 bir s\u0131ra dig\u0259r&hellip; <\/p>\n","protected":false},"author":14,"featured_media":23990,"comment_status":"open","ping_status":"open","sticky":false,"template":"","format":"standard","meta":{"_mi_skip_tracking":false,"_monsterinsights_sitenote_active":false,"_monsterinsights_sitenote_note":"","_monsterinsights_sitenote_category":0,"footnotes":""},"categories":[6,11],"tags":[4687,15],"aioseo_notices":[],"_links":{"self":[{"href":"https:\/\/infonews.az\/index.php?rest_route=\/wp\/v2\/posts\/23989"}],"collection":[{"href":"https:\/\/infonews.az\/index.php?rest_route=\/wp\/v2\/posts"}],"about":[{"href":"https:\/\/infonews.az\/index.php?rest_route=\/wp\/v2\/types\/post"}],"author":[{"embeddable":true,"href":"https:\/\/infonews.az\/index.php?rest_route=\/wp\/v2\/users\/14"}],"replies":[{"embeddable":true,"href":"https:\/\/infonews.az\/index.php?rest_route=%2Fwp%2Fv2%2Fcomments&post=23989"}],"version-history":[{"count":1,"href":"https:\/\/infonews.az\/index.php?rest_route=\/wp\/v2\/posts\/23989\/revisions"}],"predecessor-version":[{"id":23991,"href":"https:\/\/infonews.az\/index.php?rest_route=\/wp\/v2\/posts\/23989\/revisions\/23991"}],"wp:featuredmedia":[{"embeddable":true,"href":"https:\/\/infonews.az\/index.php?rest_route=\/wp\/v2\/media\/23990"}],"wp:attachment":[{"href":"https:\/\/infonews.az\/index.php?rest_route=%2Fwp%2Fv2%2Fmedia&parent=23989"}],"wp:term":[{"taxonomy":"category","embeddable":true,"href":"https:\/\/infonews.az\/index.php?rest_route=%2Fwp%2Fv2%2Fcategories&post=23989"},{"taxonomy":"post_tag","embeddable":true,"href":"https:\/\/infonews.az\/index.php?rest_route=%2Fwp%2Fv2%2Ftags&post=23989"}],"curies":[{"name":"wp","href":"https:\/\/api.w.org\/{rel}","templated":true}]}}