{"id":24067,"date":"2022-08-05T15:03:56","date_gmt":"2022-08-05T11:03:56","guid":{"rendered":"https:\/\/infonews.az\/?p=24067"},"modified":"2022-08-05T16:08:35","modified_gmt":"2022-08-05T12:08:35","slug":"londondaki-s%c9%99firliyimiz%c9%99-hucum-din%c9%99-v%c9%99-%c9%99qid%c9%99y%c9%99-yarasan-hadis%c9%99-deyil","status":"publish","type":"post","link":"https:\/\/infonews.az\/?p=24067","title":{"rendered":"&#8220;Londondak\u0131 s\u0259firliyimiz\u0259 h\u00fccum din\u0259 v\u0259 \u0259qid\u0259y\u0259 yara\u015fan hadis\u0259 deyil&#8221;"},"content":{"rendered":"<p><span style=\"color: #ffffff;\">&#8220;Londondak\u0131 s\u0259firliyimiz\u0259 h\u00fccum din\u0259\u00a0v\u0259 \u0259qid\u0259y\u0259 yara\u015fan hadis\u0259 deyil&#8221;<\/span><\/p>\n<blockquote><p>X\u0259b\u0259r verdiyimiz kimi, Az\u0259rbaycan\u0131n B\u00f6y\u00fck Britaniya v\u0259 \u015eimali \u0130rlandiya Birl\u0259\u015fmi\u015f Krall\u0131\u011f\u0131ndak\u0131 s\u0259firliyi bir qrup radikal dini d\u0259st\u0259nin h\u00fccumuna m\u0259ruz qal\u0131b. Qrup \u00fczvl\u0259ri s\u0259firliyin binas\u0131na daxil olub, vandalizm akt\u0131 t\u00f6r\u0259d\u0259r\u0259k binan\u0131n eyvan\u0131nda dini bayraqlar qald\u0131r\u0131b, radikal dini \u015f\u00fcarlar s\u0259sl\u0259ndiribl\u0259r. Yerli polisin m\u00fcdaxil\u0259sind\u0259n sonra qrup \u00fczvl\u0259ri binadan \u00e7\u0131xar\u0131l\u0131b v\u0259 saxlan\u0131l\u0131b. Bildirilir ki, h\u00fccum \u201cMehdinin xidm\u0259t\u00e7il\u0259ri ittifaq\u0131\u201d (\u201cThe Mahdi Servants Union\u201d) dini qrupunun \u00fczvl\u0259ri t\u0259r\u0259find\u0259n t\u0259\u015fkil olunub. Az\u0259rbaycan\u0131n Londondak\u0131 s\u0259firliyin\u0259 h\u00fccumun edilm\u0259si c\u0259miyy\u0259tin h\u0259m dini k\u0259smi, h\u0259m d\u0259 s\u0131ravi v\u0259t\u0259nda\u015flar aras\u0131nda k\u0259skin naraz\u0131l\u0131q yarad\u0131b.<\/p><\/blockquote>\n<p><a href=\"https:\/\/infonews.az\/?p=24067\"><span style=\"color: #ff0000;\"><strong>&#8220;\u0130NFONEWS&#8221;<\/strong> <\/span><\/a>x\u0259b\u0259r verir ki, \u00f6lk\u0259 g\u00fcnd\u0259mini z\u0259bt ed\u0259n hadis\u0259 il\u0259 ba\u011fl\u0131 a\u00e7\u0131qlamas\u0131nda Qafqaz M\u00fcs\u0259lmanlar\u0131 \u0130dar\u0259si Qazil\u0259r \u015furas\u0131n\u0131n \u00fczv\u00fc hac\u0131 Surxay M\u0259mm\u0259dli deyib: \u201cBu hadis\u0259 insanlar\u0131n dini inanc\u0131na z\u0259rb\u0259dir. Az\u0259rbaycan\u0131n B\u00f6y\u00fck Britaniyadak\u0131 s\u0259firliyin\u0259 h\u00fccum he\u00e7 d\u0259 yax\u015f\u0131 hadis\u0259 deyil, insanlar\u0131n naraz\u0131l\u0131\u011f\u0131na s\u0259b\u0259b olub. S\u00f6zs\u00fcz ki, bu hallar hans\u0131sa bir t\u0259xribat\u00e7\u0131 qrupun din ad\u0131ndan yalan \u015f\u00fcarlar s\u0259sl\u0259ndirm\u0259sinin n\u0259tic\u0259sidir. Ba\u015f ver\u0259nl\u0259r q\u0259buledilm\u0259zdir. Bu c\u00fcr fikirl\u0259rin, \u015f\u00fcarlar\u0131n ifad\u0259 edilm\u0259si insanl\u0131\u011fa b\u00f6y\u00fck z\u0259rb\u0259dir. M\u0259n bu hadis\u0259ni q\u0259tiyy\u0259tl\u0259 pisl\u0259yir\u0259m, yolverilm\u0259zdir\u201d.<\/p>\n<p>H\u0259m\u00e7inin Hac\u0131 Surxay qeyd edib ki, <strong>Az\u0259rbaycan bayra\u011f\u0131n\u0131n yer\u0259 at\u0131lmas\u0131 he\u00e7 bir dini \u0259qid\u0259y\u0259 yara\u015fan hadis\u0259 deyil. \u00c7\u00fcnki Az\u0259rbaycan bayra\u011f\u0131n\u0131n u\u011frunda on minl\u0259rl\u0259 v\u0259t\u0259n o\u011flu q\u0259hr\u0259mancas\u0131na vuru\u015fub, qan t\u00f6k\u00fcb, \u015f\u0259hid olub. Bel\u0259 bir add\u0131m he\u00e7 bir din\u0259, \u0259qid\u0259y\u0259 yara\u015fan hadis\u0259 deyil. Bu hadis\u0259, eyni zamanda, bizim d\u00f6vl\u0259t\u00e7iliyimizl\u0259, insani d\u0259y\u0259rl\u0259rimizl\u0259 ziddiyy\u0259t t\u0259\u015fkil edir.<\/strong><\/p>\n","protected":false},"excerpt":{"rendered":"<p>&#8220;Londondak\u0131 s\u0259firliyimiz\u0259 h\u00fccum din\u0259\u00a0v\u0259 \u0259qid\u0259y\u0259 yara\u015fan hadis\u0259 deyil&#8221; X\u0259b\u0259r verdiyimiz kimi, Az\u0259rbaycan\u0131n B\u00f6y\u00fck Britaniya v\u0259 \u015eimali \u0130rlandiya Birl\u0259\u015fmi\u015f Krall\u0131\u011f\u0131ndak\u0131 s\u0259firliyi bir qrup radikal dini d\u0259st\u0259nin h\u00fccumuna m\u0259ruz qal\u0131b. Qrup \u00fczvl\u0259ri&hellip; <\/p>\n","protected":false},"author":14,"featured_media":24068,"comment_status":"open","ping_status":"open","sticky":false,"template":"","format":"standard","meta":{"_mi_skip_tracking":false,"_monsterinsights_sitenote_active":false,"_monsterinsights_sitenote_note":"","_monsterinsights_sitenote_category":0,"footnotes":""},"categories":[5373,4,11],"tags":[301,7772,15,7765,7766],"aioseo_notices":[],"_links":{"self":[{"href":"https:\/\/infonews.az\/index.php?rest_route=\/wp\/v2\/posts\/24067"}],"collection":[{"href":"https:\/\/infonews.az\/index.php?rest_route=\/wp\/v2\/posts"}],"about":[{"href":"https:\/\/infonews.az\/index.php?rest_route=\/wp\/v2\/types\/post"}],"author":[{"embeddable":true,"href":"https:\/\/infonews.az\/index.php?rest_route=\/wp\/v2\/users\/14"}],"replies":[{"embeddable":true,"href":"https:\/\/infonews.az\/index.php?rest_route=%2Fwp%2Fv2%2Fcomments&post=24067"}],"version-history":[{"count":1,"href":"https:\/\/infonews.az\/index.php?rest_route=\/wp\/v2\/posts\/24067\/revisions"}],"predecessor-version":[{"id":24069,"href":"https:\/\/infonews.az\/index.php?rest_route=\/wp\/v2\/posts\/24067\/revisions\/24069"}],"wp:featuredmedia":[{"embeddable":true,"href":"https:\/\/infonews.az\/index.php?rest_route=\/wp\/v2\/media\/24068"}],"wp:attachment":[{"href":"https:\/\/infonews.az\/index.php?rest_route=%2Fwp%2Fv2%2Fmedia&parent=24067"}],"wp:term":[{"taxonomy":"category","embeddable":true,"href":"https:\/\/infonews.az\/index.php?rest_route=%2Fwp%2Fv2%2Fcategories&post=24067"},{"taxonomy":"post_tag","embeddable":true,"href":"https:\/\/infonews.az\/index.php?rest_route=%2Fwp%2Fv2%2Ftags&post=24067"}],"curies":[{"name":"wp","href":"https:\/\/api.w.org\/{rel}","templated":true}]}}