{"id":24110,"date":"2022-08-06T22:33:59","date_gmt":"2022-08-06T18:33:59","guid":{"rendered":"https:\/\/infonews.az\/?p=24110"},"modified":"2022-08-06T22:49:18","modified_gmt":"2022-08-06T18:49:18","slug":"ceyhun-bayramov-il%c9%99-gurcustanli-h%c9%99mkari-arasinda-telefon-danisigi-olub","status":"publish","type":"post","link":"https:\/\/infonews.az\/?p=24110","title":{"rendered":"Ceyhun Bayramov il\u0259 g\u00fcrc\u00fcstanl\u0131 h\u0259mkar\u0131 aras\u0131nda telefon dan\u0131\u015f\u0131\u011f\u0131 olub"},"content":{"rendered":"<p class=\"content-title\"><span style=\"color: #ffffff;\">Ceyhun Bayramov il\u0259 g\u00fcrc\u00fcstanl\u0131 h\u0259mkar\u0131 aras\u0131nda telefon dan\u0131\u015f\u0131\u011f\u0131 olub<\/span><\/p>\n<p><strong>Avqustun 6-da xarici i\u015fl\u0259r naziri Ceyhun Bayramov il\u0259 g\u00fcrc\u00fcstanl\u0131 h\u0259mkar\u0131 \u0130liya Dar\u00e7ia\u015fvili aras\u0131nda telefon dan\u0131\u015f\u0131\u011f\u0131 ba\u015f tutub.<\/strong><\/p>\n<p><a href=\"https:\/\/infonews.az\/?p=24110\"><strong><span style=\"color: #ff0000;\">&#8220;\u0130NFONEWS&#8221;<\/span><\/strong><\/a> &#8211; un Xarici \u0130\u015fl\u0259r Nazirliyinin M\u0259tbuat xidm\u0259ti idar\u0259sind\u0259n \u0259ld\u0259 etdiyi m\u0259lumat\u0131na g\u00f6r\u0259, G\u00fcrc\u00fcstan xarici i\u015fl\u0259r naziri \u0130liya Dar\u00e7ia\u015fvili avqustun 4-d\u0259 Az\u0259rbaycan\u0131n Londondak\u0131 s\u0259firliyin\u0259 edil\u0259n h\u00fccumu q\u0131nay\u0131b v\u0259 Az\u0259rbaycan il\u0259 h\u0259mr\u0259ylik ifad\u0259 edib.<\/p>\n<p>Nazir Ceyhun Bayramov d\u0259st\u0259y\u0259 g\u00f6r\u0259 g\u00fcrc\u00fc h\u0259mkar\u0131na t\u0259\u015f\u0259kk\u00fcr edib. O, t\u00f6r\u0259dil\u0259n t\u0259xribat\u0131n h\u0259rt\u0259r\u0259fli ara\u015fd\u0131r\u0131lmas\u0131 v\u0259 cavabdeh \u015f\u0259xsl\u0259rin qanun qar\u015f\u0131s\u0131nda cavab verm\u0259sinin vacibliyini vur\u011fulay\u0131b v\u0259 bununla ba\u011fl\u0131 Birl\u0259\u015fmi\u015f Krall\u0131\u011f\u0131n aidiyy\u0259ti qurumlar\u0131 t\u0259r\u0259find\u0259n m\u00fcvafiq i\u015fin apar\u0131ld\u0131\u011f\u0131n\u0131 qeyd edib.<\/p>\n","protected":false},"excerpt":{"rendered":"<p>Ceyhun Bayramov il\u0259 g\u00fcrc\u00fcstanl\u0131 h\u0259mkar\u0131 aras\u0131nda telefon dan\u0131\u015f\u0131\u011f\u0131 olub Avqustun 6-da xarici i\u015fl\u0259r naziri Ceyhun Bayramov il\u0259 g\u00fcrc\u00fcstanl\u0131 h\u0259mkar\u0131 \u0130liya Dar\u00e7ia\u015fvili aras\u0131nda telefon dan\u0131\u015f\u0131\u011f\u0131 ba\u015f tutub. &#8220;\u0130NFONEWS&#8221; &#8211; un Xarici&hellip; <\/p>\n","protected":false},"author":14,"featured_media":24111,"comment_status":"open","ping_status":"open","sticky":false,"template":"","format":"standard","meta":{"_mi_skip_tracking":false,"_monsterinsights_sitenote_active":false,"_monsterinsights_sitenote_note":"","_monsterinsights_sitenote_category":0,"footnotes":""},"categories":[6,11],"tags":[5136,4348,1040,7791,15],"aioseo_notices":[],"_links":{"self":[{"href":"https:\/\/infonews.az\/index.php?rest_route=\/wp\/v2\/posts\/24110"}],"collection":[{"href":"https:\/\/infonews.az\/index.php?rest_route=\/wp\/v2\/posts"}],"about":[{"href":"https:\/\/infonews.az\/index.php?rest_route=\/wp\/v2\/types\/post"}],"author":[{"embeddable":true,"href":"https:\/\/infonews.az\/index.php?rest_route=\/wp\/v2\/users\/14"}],"replies":[{"embeddable":true,"href":"https:\/\/infonews.az\/index.php?rest_route=%2Fwp%2Fv2%2Fcomments&post=24110"}],"version-history":[{"count":1,"href":"https:\/\/infonews.az\/index.php?rest_route=\/wp\/v2\/posts\/24110\/revisions"}],"predecessor-version":[{"id":24112,"href":"https:\/\/infonews.az\/index.php?rest_route=\/wp\/v2\/posts\/24110\/revisions\/24112"}],"wp:featuredmedia":[{"embeddable":true,"href":"https:\/\/infonews.az\/index.php?rest_route=\/wp\/v2\/media\/24111"}],"wp:attachment":[{"href":"https:\/\/infonews.az\/index.php?rest_route=%2Fwp%2Fv2%2Fmedia&parent=24110"}],"wp:term":[{"taxonomy":"category","embeddable":true,"href":"https:\/\/infonews.az\/index.php?rest_route=%2Fwp%2Fv2%2Fcategories&post=24110"},{"taxonomy":"post_tag","embeddable":true,"href":"https:\/\/infonews.az\/index.php?rest_route=%2Fwp%2Fv2%2Ftags&post=24110"}],"curies":[{"name":"wp","href":"https:\/\/api.w.org\/{rel}","templated":true}]}}