{"id":24168,"date":"2022-08-09T12:26:35","date_gmt":"2022-08-09T08:26:35","guid":{"rendered":"https:\/\/infonews.az\/?p=24168"},"modified":"2022-08-09T20:19:25","modified_gmt":"2022-08-09T16:19:25","slug":"ilham-%c9%99liyev-turkiy%c9%99y%c9%99-isguzar-s%c9%99f%c9%99r%c9%99-gedib","status":"publish","type":"post","link":"https:\/\/infonews.az\/?p=24168","title":{"rendered":"\u0130lham \u018fliyev T\u00fcrkiy\u0259y\u0259 i\u015fg\u00fczar s\u0259f\u0259r\u0259 gedib"},"content":{"rendered":"<p class=\"news_heading\"><span style=\"color: #ffffff;\">\u0130lham \u018fliyev T\u00fcrkiy\u0259y\u0259 i\u015fg\u00fczar s\u0259f\u0259r\u0259 gedib<\/span><\/p>\n<blockquote><p><span style=\"color: #000000;\">Avqustun 9-da Az\u0259rbaycan Respublikas\u0131n\u0131n Prezidenti \u0130lham \u018fliyev T\u00fcrkiy\u0259 Respublikas\u0131n\u0131n Prezidenti R\u0259c\u0259b Tayyib \u018frdo\u011fan\u0131n d\u0259v\u0259ti il\u0259 T\u00fcrkiy\u0259y\u0259 i\u015fg\u00fczar s\u0259f\u0259r\u0259 gedib.<\/span><\/p><\/blockquote>\n<p><span style=\"color: #000000;\"><a href=\"https:\/\/infonews.az\/\"><strong><span style=\"color: #000080;\">&#8220;\u0130NFONEWS&#8221;<\/span><\/strong><\/a> x\u0259b\u0259r verir ki, h\u0259r iki \u00f6lk\u0259nin D\u00f6vl\u0259t bayraqlar\u0131n\u0131n dal\u011faland\u0131\u011f\u0131 Konya \u015f\u0259h\u0259rinin Hava Liman\u0131nda d\u00f6vl\u0259timizin ba\u015f\u00e7\u0131s\u0131n\u0131n \u015f\u0259r\u0259fin\u0259 f\u0259xri qarovul d\u0259st\u0259si d\u00fcz\u00fcl\u00fcb.<\/span><\/p>\n<p><span style=\"color: #000000;\">Prezident \u0130lham \u018fliyevi v\u0259 birinci xan\u0131m Mehriban \u018fliyevan\u0131 T\u00fcrkiy\u0259nin g\u0259ncl\u0259r v\u0259 idman naziri Mehmet Kasapo\u011flu, Konya valisi Vahdettin \u00d6zkan v\u0259 dig\u0259r r\u0259smi \u015f\u0259xsl\u0259r qar\u015f\u0131lay\u0131blar.<\/span><\/p>\n<p><span style=\"color: #000000;\">D\u00f6vl\u0259timizin ba\u015f\u00e7\u0131s\u0131 f\u0259xri qarovul d\u0259st\u0259sini salamlay\u0131b.<\/span><\/p>\n","protected":false},"excerpt":{"rendered":"<p>\u0130lham \u018fliyev T\u00fcrkiy\u0259y\u0259 i\u015fg\u00fczar s\u0259f\u0259r\u0259 gedib Avqustun 9-da Az\u0259rbaycan Respublikas\u0131n\u0131n Prezidenti \u0130lham \u018fliyev T\u00fcrkiy\u0259 Respublikas\u0131n\u0131n Prezidenti R\u0259c\u0259b Tayyib \u018frdo\u011fan\u0131n d\u0259v\u0259ti il\u0259 T\u00fcrkiy\u0259y\u0259 i\u015fg\u00fczar s\u0259f\u0259r\u0259 gedib. &#8220;\u0130NFONEWS&#8221; x\u0259b\u0259r verir ki, h\u0259r&hellip; <\/p>\n","protected":false},"author":3,"featured_media":24170,"comment_status":"open","ping_status":"open","sticky":false,"template":"","format":"standard","meta":{"_mi_skip_tracking":false,"_monsterinsights_sitenote_active":false,"_monsterinsights_sitenote_note":"","_monsterinsights_sitenote_category":0,"footnotes":""},"categories":[6,11],"tags":[20,7818,12],"aioseo_notices":[],"_links":{"self":[{"href":"https:\/\/infonews.az\/index.php?rest_route=\/wp\/v2\/posts\/24168"}],"collection":[{"href":"https:\/\/infonews.az\/index.php?rest_route=\/wp\/v2\/posts"}],"about":[{"href":"https:\/\/infonews.az\/index.php?rest_route=\/wp\/v2\/types\/post"}],"author":[{"embeddable":true,"href":"https:\/\/infonews.az\/index.php?rest_route=\/wp\/v2\/users\/3"}],"replies":[{"embeddable":true,"href":"https:\/\/infonews.az\/index.php?rest_route=%2Fwp%2Fv2%2Fcomments&post=24168"}],"version-history":[{"count":1,"href":"https:\/\/infonews.az\/index.php?rest_route=\/wp\/v2\/posts\/24168\/revisions"}],"predecessor-version":[{"id":24171,"href":"https:\/\/infonews.az\/index.php?rest_route=\/wp\/v2\/posts\/24168\/revisions\/24171"}],"wp:featuredmedia":[{"embeddable":true,"href":"https:\/\/infonews.az\/index.php?rest_route=\/wp\/v2\/media\/24170"}],"wp:attachment":[{"href":"https:\/\/infonews.az\/index.php?rest_route=%2Fwp%2Fv2%2Fmedia&parent=24168"}],"wp:term":[{"taxonomy":"category","embeddable":true,"href":"https:\/\/infonews.az\/index.php?rest_route=%2Fwp%2Fv2%2Fcategories&post=24168"},{"taxonomy":"post_tag","embeddable":true,"href":"https:\/\/infonews.az\/index.php?rest_route=%2Fwp%2Fv2%2Ftags&post=24168"}],"curies":[{"name":"wp","href":"https:\/\/api.w.org\/{rel}","templated":true}]}}