{"id":24172,"date":"2022-08-09T17:23:45","date_gmt":"2022-08-09T13:23:45","guid":{"rendered":"https:\/\/infonews.az\/?p=24172"},"modified":"2022-08-09T20:25:13","modified_gmt":"2022-08-09T16:25:13","slug":"ilham-%c9%99liyev-konyada-f%c9%99l%c9%99stinin-bas-nazirini-q%c9%99bul-edib","status":"publish","type":"post","link":"https:\/\/infonews.az\/?p=24172","title":{"rendered":"\u0130lham \u018fliyev Konyada F\u0259l\u0259stinin Ba\u015f nazirini q\u0259bul edib"},"content":{"rendered":"<p><span style=\"color: #ffffff;\">\u0130lham \u018fliyev Konyada F\u0259l\u0259stinin Ba\u015f nazirini q\u0259bul edib<\/span><\/p>\n<blockquote><p><span style=\"color: #000000;\">Az\u0259rbaycan Respublikas\u0131n\u0131n Prezidenti \u0130lham \u018fliyev avqustun 9-da Konyada F\u0259l\u0259stin D\u00f6vl\u0259tinin Ba\u015f naziri Mohammed \u015etayyehi q\u0259bul edib.<\/span><\/p><\/blockquote>\n<p><span style=\"color: #000000;\"><a href=\"https:\/\/infonews.az\/\"><strong>\u201c\u0130NFONEWS\u201d<\/strong><\/a> x\u0259b\u0259r verir ki, Mohammed \u015etayyeh F\u0259l\u0259stin D\u00f6vl\u0259tinin Prezidenti Mahmud Abbas\u0131n salamlar\u0131n\u0131 Prezident \u0130lham \u018fliyev\u0259 \u00e7atd\u0131r\u0131b.<\/span><\/p>\n<p><span style=\"color: #000000;\">D\u00f6vl\u0259timizin ba\u015f\u00e7\u0131s\u0131 salamlara g\u00f6r\u0259 minn\u0259tdarl\u0131\u011f\u0131n\u0131 bildirdi, onun da salamlar\u0131n\u0131 Mahmud Abbasa \u00e7atd\u0131rma\u011f\u0131 xahi\u015f edib.<\/span><\/p>\n<p><span style=\"color: #000000;\">Mohammed \u015etayyeh Az\u0259rbaycan\u0131n F\u0259l\u0259stin\u0259 g\u00f6st\u0259rdiyi h\u0259mr\u0259yliy\u0259, verdiyi d\u0259st\u0259y\u0259 v\u0259 humanitar yard\u0131mlara g\u00f6r\u0259 d\u00f6vl\u0259timizin ba\u015f\u00e7\u0131s\u0131na minn\u0259tdarl\u0131\u011f\u0131n\u0131 bildirib. \u0130kit\u0259r\u0259fli \u0259laq\u0259l\u0259rimizin m\u00fcxt\u0259lif sah\u0259l\u0259rd\u0259 u\u011furla inki\u015faf etdiyini dey\u0259n Ba\u015f nazir \u0130slam \u018fm\u0259kda\u015fl\u0131q T\u0259\u015fkilat\u0131, Qo\u015fulmama H\u0259r\u0259kat\u0131 \u00e7\u0259r\u00e7iv\u0259sind\u0259 qar\u015f\u0131l\u0131ql\u0131 d\u0259st\u0259yi vur\u011fulay\u0131b. F\u0259l\u0259stin D\u00f6vl\u0259tinin Ba\u015f naziri Az\u0259rbaycan\u0131n b\u00fct\u00fcn sah\u0259l\u0259rd\u0259 \u0259ld\u0259 etdiyi nailiyy\u0259tl\u0259rl\u0259 ba\u011fl\u0131 t\u0259brikl\u0259rini \u00e7atd\u0131r\u0131b. Mohammed \u015etayyeh Az\u0259rbaycan\u0131n F\u0259l\u0259stind\u0259 s\u0259firliyinin a\u00e7\u0131lmas\u0131 il\u0259 \u0259laq\u0259dar m\u0259s\u0259l\u0259 qald\u0131r\u0131b.<\/span><\/p>\n<p><span style=\"color: #000000;\">Xo\u015f s\u00f6zl\u0259r\u0259 g\u00f6r\u0259 t\u0259\u015f\u0259kk\u00fcr\u00fcn\u00fc bildir\u0259n Prezident \u0130lham \u018fliyev Az\u0259rbaycan xalq\u0131n\u0131n F\u0259l\u0259stin xalq\u0131 il\u0259 h\u0259mr\u0259y oldu\u011funu qeyd edib. Prezident \u0130lham \u018fliyev F\u0259l\u0259stin D\u00f6vl\u0259tinin Prezidenti Mahmud Abbas\u0131n \u00f6lk\u0259miz\u0259 s\u0259f\u0259rini v\u0259 onunla t\u0259maslar\u0131n\u0131 m\u0259mnunluqla xat\u0131rlayaraq siyasi, iqtisadi, t\u0259hsil, m\u0259d\u0259niyy\u0259t, idman sah\u0259l\u0259rind\u0259 \u0259m\u0259kda\u015fl\u0131\u011f\u0131n geni\u015fl\u0259ndirilm\u0259sinin \u0259h\u0259miyy\u0259tini vur\u011fulay\u0131b.<\/span><\/p>\n<p><span style=\"color: #000000;\">Prezident \u0130lham \u018fliyev f\u0259l\u0259stinli t\u0259l\u0259b\u0259l\u0259rin \u00f6lk\u0259mizd\u0259 t\u0259hsil almas\u0131na toxunaraq, onlara d\u00f6vl\u0259t t\u0259r\u0259find\u0259n ayr\u0131lan qrantlar\u0131 vur\u011fulad\u0131 v\u0259 Az\u0259rbaycan\u0131n bu qrantlar\u0131 art\u0131rma\u011fa haz\u0131r oldu\u011funu bildirib.<\/span><\/p>\n","protected":false},"excerpt":{"rendered":"<p>\u0130lham \u018fliyev Konyada F\u0259l\u0259stinin Ba\u015f nazirini q\u0259bul edib Az\u0259rbaycan Respublikas\u0131n\u0131n Prezidenti \u0130lham \u018fliyev avqustun 9-da Konyada F\u0259l\u0259stin D\u00f6vl\u0259tinin Ba\u015f naziri Mohammed \u015etayyehi q\u0259bul edib. \u201c\u0130NFONEWS\u201d x\u0259b\u0259r verir ki, Mohammed \u015etayyeh&hellip; <\/p>\n","protected":false},"author":3,"featured_media":24173,"comment_status":"open","ping_status":"open","sticky":false,"template":"","format":"standard","meta":{"_mi_skip_tracking":false,"_monsterinsights_sitenote_active":false,"_monsterinsights_sitenote_note":"","_monsterinsights_sitenote_category":0,"footnotes":""},"categories":[6,11],"tags":[7285,6450,7819,20,4911],"aioseo_notices":[],"_links":{"self":[{"href":"https:\/\/infonews.az\/index.php?rest_route=\/wp\/v2\/posts\/24172"}],"collection":[{"href":"https:\/\/infonews.az\/index.php?rest_route=\/wp\/v2\/posts"}],"about":[{"href":"https:\/\/infonews.az\/index.php?rest_route=\/wp\/v2\/types\/post"}],"author":[{"embeddable":true,"href":"https:\/\/infonews.az\/index.php?rest_route=\/wp\/v2\/users\/3"}],"replies":[{"embeddable":true,"href":"https:\/\/infonews.az\/index.php?rest_route=%2Fwp%2Fv2%2Fcomments&post=24172"}],"version-history":[{"count":1,"href":"https:\/\/infonews.az\/index.php?rest_route=\/wp\/v2\/posts\/24172\/revisions"}],"predecessor-version":[{"id":24174,"href":"https:\/\/infonews.az\/index.php?rest_route=\/wp\/v2\/posts\/24172\/revisions\/24174"}],"wp:featuredmedia":[{"embeddable":true,"href":"https:\/\/infonews.az\/index.php?rest_route=\/wp\/v2\/media\/24173"}],"wp:attachment":[{"href":"https:\/\/infonews.az\/index.php?rest_route=%2Fwp%2Fv2%2Fmedia&parent=24172"}],"wp:term":[{"taxonomy":"category","embeddable":true,"href":"https:\/\/infonews.az\/index.php?rest_route=%2Fwp%2Fv2%2Fcategories&post=24172"},{"taxonomy":"post_tag","embeddable":true,"href":"https:\/\/infonews.az\/index.php?rest_route=%2Fwp%2Fv2%2Ftags&post=24172"}],"curies":[{"name":"wp","href":"https:\/\/api.w.org\/{rel}","templated":true}]}}