{"id":24175,"date":"2022-08-09T17:55:49","date_gmt":"2022-08-09T13:55:49","guid":{"rendered":"https:\/\/infonews.az\/?p=24175"},"modified":"2022-08-09T20:28:36","modified_gmt":"2022-08-09T16:28:36","slug":"ilham-%c9%99liyev-konyada-ersin-tatari-q%c9%99bul-edib","status":"publish","type":"post","link":"https:\/\/infonews.az\/?p=24175","title":{"rendered":"\u0130lham \u018fliyev Konyada Ersin Tatar\u0131 q\u0259bul edib"},"content":{"rendered":"<p><span style=\"color: #ffffff;\">\u0130lham \u018fliyev Konyada Ersin Tatar\u0131 q\u0259bul edib<\/span><\/p>\n<blockquote><p><span style=\"color: #000000;\">Az\u0259rbaycan Respublikas\u0131n\u0131n Prezidenti \u0130lham \u018fliyev avqustun 9-da Konyada \u015eimali Kipr T\u00fcrk Respublikas\u0131n\u0131n Prezidenti Ersin Tatar\u0131 q\u0259bul edib.<\/span><\/p><\/blockquote>\n<p><span style=\"color: #000000;\"><a href=\"https:\/\/infonews.az\/\"><strong>\u201c\u0130NFONEWS\u201d<\/strong><\/a> x\u0259b\u0259r verir ki, g\u00f6r\u00fc\u015fd\u0259 T\u00fcrk d\u00fcnyas\u0131nda xalqlar aras\u0131nda \u0259laq\u0259l\u0259rin m\u00f6hk\u0259ml\u0259nm\u0259si i\u015fin\u0259 xidm\u0259t ed\u0259n V \u0130slam H\u0259mr\u0259yliyi Oyunlar\u0131n\u0131n T\u00fcrkiy\u0259d\u0259 ke\u00e7irilm\u0259sinin \u00f6n\u0259mi vur\u011fulan\u0131b. Bu m\u00f6t\u0259b\u0259r beyn\u0259lxalq idman t\u0259dbirinin Bak\u0131da da y\u00fcks\u0259k s\u0259viyy\u0259d\u0259 t\u0259\u015fkil olundu\u011fu m\u0259mnunluqla qeyd edilib.<\/span><\/p>\n<p><span style=\"color: #000000;\">S\u00f6hb\u0259t zaman\u0131 T\u00fcrk d\u00fcnyas\u0131 xalqlar\u0131n\u0131n bir-biri il\u0259 tarixi ba\u011fl\u0131l\u0131\u011f\u0131na s\u00f6yk\u0259n\u0259n \u0259laq\u0259l\u0259rin humanitar, m\u0259d\u0259niyy\u0259t, t\u0259hsil, idman sah\u0259l\u0259rind\u0259 geni\u015fl\u0259nm\u0259sinin \u0259h\u0259miyy\u0259tin\u0259 toxunulub.<\/span><\/p>\n","protected":false},"excerpt":{"rendered":"<p>\u0130lham \u018fliyev Konyada Ersin Tatar\u0131 q\u0259bul edib Az\u0259rbaycan Respublikas\u0131n\u0131n Prezidenti \u0130lham \u018fliyev avqustun 9-da Konyada \u015eimali Kipr T\u00fcrk Respublikas\u0131n\u0131n Prezidenti Ersin Tatar\u0131 q\u0259bul edib. \u201c\u0130NFONEWS\u201d x\u0259b\u0259r verir ki, g\u00f6r\u00fc\u015fd\u0259 T\u00fcrk&hellip; <\/p>\n","protected":false},"author":3,"featured_media":24176,"comment_status":"open","ping_status":"open","sticky":false,"template":"","format":"standard","meta":{"_mi_skip_tracking":false,"_monsterinsights_sitenote_active":false,"_monsterinsights_sitenote_note":"","_monsterinsights_sitenote_category":0,"footnotes":""},"categories":[6,11],"tags":[7285,7820,20,7821],"aioseo_notices":[],"_links":{"self":[{"href":"https:\/\/infonews.az\/index.php?rest_route=\/wp\/v2\/posts\/24175"}],"collection":[{"href":"https:\/\/infonews.az\/index.php?rest_route=\/wp\/v2\/posts"}],"about":[{"href":"https:\/\/infonews.az\/index.php?rest_route=\/wp\/v2\/types\/post"}],"author":[{"embeddable":true,"href":"https:\/\/infonews.az\/index.php?rest_route=\/wp\/v2\/users\/3"}],"replies":[{"embeddable":true,"href":"https:\/\/infonews.az\/index.php?rest_route=%2Fwp%2Fv2%2Fcomments&post=24175"}],"version-history":[{"count":1,"href":"https:\/\/infonews.az\/index.php?rest_route=\/wp\/v2\/posts\/24175\/revisions"}],"predecessor-version":[{"id":24177,"href":"https:\/\/infonews.az\/index.php?rest_route=\/wp\/v2\/posts\/24175\/revisions\/24177"}],"wp:featuredmedia":[{"embeddable":true,"href":"https:\/\/infonews.az\/index.php?rest_route=\/wp\/v2\/media\/24176"}],"wp:attachment":[{"href":"https:\/\/infonews.az\/index.php?rest_route=%2Fwp%2Fv2%2Fmedia&parent=24175"}],"wp:term":[{"taxonomy":"category","embeddable":true,"href":"https:\/\/infonews.az\/index.php?rest_route=%2Fwp%2Fv2%2Fcategories&post=24175"},{"taxonomy":"post_tag","embeddable":true,"href":"https:\/\/infonews.az\/index.php?rest_route=%2Fwp%2Fv2%2Ftags&post=24175"}],"curies":[{"name":"wp","href":"https:\/\/api.w.org\/{rel}","templated":true}]}}